{"id":73928,"date":"2020-09-30T18:11:59","date_gmt":"2020-09-30T21:11:59","guid":{"rendered":"http:\/\/pdt-rj.org.br\/?p=73928"},"modified":"2020-09-30T18:11:59","modified_gmt":"2020-09-30T21:11:59","slug":"axel-grael-cumpre-agendas-no-fonseca-centro-e-zona-sul-em-niteroi-rj","status":"publish","type":"post","link":"https:\/\/pdt-rj.org.br\/index.php\/axel-grael-cumpre-agendas-no-fonseca-centro-e-zona-sul-em-niteroi-rj\/","title":{"rendered":"Axel Grael cumpre agendas no Fonseca, Centro e Zona Sul, em Niter\u00f3i (RJ)"},"content":{"rendered":"<p>Candidato caminhou com o prefeito Rodrigo Neves pelo Centro e conversou com moradores sobre novo Restaurante Popular na Zona Norte<\/p>\n<p>Durante um caf\u00e9 da manh\u00e3 com moradores da comunidade Vila Ipiranga, na Zona Norte, nesta quarta-feira (30), o candidato a prefeito de Niter\u00f3i Axel Grael (PDT), da coliga\u00e7\u00e3o Uni\u00e3o por Niter\u00f3i, se comprometeu a implantar, caso eleito, um Restaurante Popular na Alameda S\u00e3o Boaventura, no Fonseca. O objetivo \u00e9 facilitar o acesso de moradores da Zona Norte \u00e0 alimenta\u00e7\u00e3o balanceada com um pre\u00e7o acess\u00edvel. No hor\u00e1rio do almo\u00e7o, Grael caminhou ao lado do prefeito Rodrigo Neves pelo Centro para ouvir mais demandar da popula\u00e7\u00e3o.<\/p>\n<p>A nova unidade ser\u00e1 o segundo Restaurante Popular custeado pela Prefeitura de Niter\u00f3i. O Restaurante Popular Jorge Amado, no Centro, foi municipalizado em 2017 pelo prefeito Rodrigo Neves depois de fechar devido a crise econ\u00f4mica do Governo do Estado. De l\u00e1 para c\u00e1, j\u00e1 foram servidas mais de 2 milh\u00f5es de refei\u00e7\u00f5es. Na Alameda S\u00e3o Boaventura, o novo restaurante tamb\u00e9m vai abrigar a primeira Escola de Forma\u00e7\u00e3o em Gastronomia Popular do Estado, que vai oferecer cursos na \u00e1rea de gastronomia, padaria e servi\u00e7os para bares e restaurantes.<\/p>\n<p>\u201cCom a nova unidade na Zona Norte, vamos ampliar o n\u00famero de refei\u00e7\u00f5es servidas \u00e0 popula\u00e7\u00e3o carente, sem que eles precisem se deslocar at\u00e9 o Centro. Dando continuidade aos avan\u00e7os da gest\u00e3o do prefeito Rodrigo Neves, o restaurante tamb\u00e9m ser\u00e1 uma unidade de refer\u00eancia em seguran\u00e7a alimentar e nutricional e vai promover qualifica\u00e7\u00e3o profissional\u201d, disse Grael, que atuou ao lado do prefeito Rodrigo Neves como vice-prefeito e secret\u00e1rio municipal.<\/p>\n<p>Durante a conversa com os moradores, Grael \u2013 acompanhado do candidato a vice-prefeito Paulo Bagueira (SD) \u2013 tamb\u00e9m lembrou que a Vila Ipiranga recebeu importantes investimentos ao longo da gest\u00e3o do prefeito Rodrigo Neves, assim como toda a Zona Norte. Sete das 25 novas escolas municipais foram implantadas na regi\u00e3o, al\u00e9m da municipaliza\u00e7\u00e3o dos Cieps que estavam fechados, como o An\u00edsio Teixeira, onde funciona o Espa\u00e7o Nova Gera\u00e7\u00e3o, com atividades esportivas e culturais no contraturno escolar. A gest\u00e3o tamb\u00e9m realizou obras de conten\u00e7\u00e3o de encostas, reformas em \u00e1reas de lazer e de drenagem e pavimenta\u00e7\u00e3o de ruas.<\/p>\n<p>\u201cA Vila Ipiranga precisa continuar tendo esse olhar especial que a gest\u00e3o do prefeito Rodrigo Neves sempre teve. Foram muitas conquistas para toda a Zona Norte, como a reabertura do Getulinho no primeiro dia de governo, e o refor\u00e7o no M\u00e9dico de Fam\u00edlia, reabrindo unidades que estavam fechadas e implantando novos m\u00f3dulos em locais como Coronel Le\u00f4ncio e Teixeira de Freitas\u201d, ressaltou Grael, lembrando tamb\u00e9m a chegada do Niter\u00f3i Presente no Fonseca e no Barreto.<\/p>\n<p>Morador da Vila Ipiranga, Jo\u00e3o Gabriel Ayres, de 21 anos, \u00e9 aluno do Niter\u00f3i Jovem EcoSocial, programa que integra a tem\u00e1tica ambiental com a inclus\u00e3o social e educa\u00e7\u00e3o profissionalizante a jovens em conflito social. Jo\u00e3o Gabriel fez quest\u00e3o de participar do caf\u00e9 da manh\u00e3 com Grael e contar como conseguiu avan\u00e7ar depois do programa.<\/p>\n<p>\u201cTive aulas de matem\u00e1tica e reda\u00e7\u00e3o com o projeto que me ajudaram a passar para o curso de Qu\u00edmica Industrial da UFF. Tamb\u00e9m com o Ecosocial, aprendemos sobre a necessidade de conscientizar a popula\u00e7\u00e3o sobre o descarte correto do lixo e come\u00e7amos um trabalho de lixeira seletiva na Vila Ipiranga com a ideia de ensinar os moradores a praticarem a reciclagem e divulgar ensinamentos de sustentabilidade\u201d, contou.<\/p>\n<p>A amplia\u00e7\u00e3o do Niter\u00f3i Jovem EcoSocial tamb\u00e9m \u00e9 uma das propostas de Grael. Atualmente o programa beneficia cerca de 400 jovens de 11 comunidades da cidade, com idades entre 16 e 24. S\u00e3o oferecidos cursos t\u00e9cnicos e de qualifica\u00e7\u00e3o profissional, e o jovens tamb\u00e9m realizam atividades de reflorestamento em suas comunidades, al\u00e9m de receberam um aux\u00edlio mensal de R$750.<\/p>\n<p>Durante a tarde, Grael caminhou pelas ruas do Centro de Niter\u00f3i conversando com os niteroienses e ouvindo as demandas da popula\u00e7\u00e3o. Em seguida participou de um encontro com um grupo de mulheres da Zona Sul e \u00e0 noite participou de reuni\u00e3o com moradores do Cafub\u00e1, na Regi\u00e3o Oce\u00e2nica.<\/p>\n<!-- AddThis Advanced Settings generic via filter on the_content --><!-- AddThis Share Buttons generic via filter on the_content -->","protected":false},"excerpt":{"rendered":"<p>Candidato caminhou com o prefeito Rodrigo Neves pelo Centro e conversou com moradores sobre novo Restaurante Popular na Zona Norte Durante um caf\u00e9 da manh\u00e3 com moradores da comunidade Vila Ipiranga, na Zona Norte, nesta quarta-feira (30), o candidato a prefeito de Niter\u00f3i Axel Grael (PDT), da coliga\u00e7\u00e3o Uni\u00e3o por Niter\u00f3i, se comprometeu a implantar,&#8230;<!-- AddThis Advanced Settings generic via filter on wp_trim_excerpt --><!-- AddThis Share Buttons generic via filter on wp_trim_excerpt --><\/p>\n","protected":false},"author":17,"featured_media":73929,"comment_status":"closed","ping_status":"closed","sticky":false,"template":"","format":"standard","meta":{"_monsterinsights_skip_tracking":false,"_monsterinsights_sitenote_active":false,"_monsterinsights_sitenote_note":"","_monsterinsights_sitenote_category":0,"_uf_show_specific_survey":0,"_uf_disable_surveys":false,"footnotes":""},"categories":[1390],"tags":[4025,2463,4026],"class_list":["post-73928","post","type-post","status-publish","format-standard","has-post-thumbnail","hentry","category-editorias","tag-axel-grael","tag-niteroi-rj","tag-niteroi-jovem-ecosocial"],"acf":[],"_links":{"self":[{"href":"https:\/\/pdt-rj.org.br\/index.php\/wp-json\/wp\/v2\/posts\/73928","targetHints":{"allow":["GET"]}}],"collection":[{"href":"https:\/\/pdt-rj.org.br\/index.php\/wp-json\/wp\/v2\/posts"}],"about":[{"href":"https:\/\/pdt-rj.org.br\/index.php\/wp-json\/wp\/v2\/types\/post"}],"author":[{"embeddable":true,"href":"https:\/\/pdt-rj.org.br\/index.php\/wp-json\/wp\/v2\/users\/17"}],"replies":[{"embeddable":true,"href":"https:\/\/pdt-rj.org.br\/index.php\/wp-json\/wp\/v2\/comments?post=73928"}],"version-history":[{"count":1,"href":"https:\/\/pdt-rj.org.br\/index.php\/wp-json\/wp\/v2\/posts\/73928\/revisions"}],"predecessor-version":[{"id":73930,"href":"https:\/\/pdt-rj.org.br\/index.php\/wp-json\/wp\/v2\/posts\/73928\/revisions\/73930"}],"wp:featuredmedia":[{"embeddable":true,"href":"https:\/\/pdt-rj.org.br\/index.php\/wp-json\/wp\/v2\/media\/73929"}],"wp:attachment":[{"href":"https:\/\/pdt-rj.org.br\/index.php\/wp-json\/wp\/v2\/media?parent=73928"}],"wp:term":[{"taxonomy":"category","embeddable":true,"href":"https:\/\/pdt-rj.org.br\/index.php\/wp-json\/wp\/v2\/categories?post=73928"},{"taxonomy":"post_tag","embeddable":true,"href":"https:\/\/pdt-rj.org.br\/index.php\/wp-json\/wp\/v2\/tags?post=73928"}],"curies":[{"name":"wp","href":"https:\/\/api.w.org\/{rel}","templated":true}]}}