{"id":73905,"date":"2020-09-30T21:42:02","date_gmt":"2020-10-01T00:42:02","guid":{"rendered":"http:\/\/pdt-rj.org.br\/?p=73905"},"modified":"2021-01-19T19:06:07","modified_gmt":"2021-01-19T22:06:07","slug":"niteroi-rj-sob-governo-de-rodrigo-neves-e-referencia-em-transparencia-no-pais-no-combate-a-covid-19","status":"publish","type":"post","link":"https:\/\/pdt-rj.org.br\/index.php\/niteroi-rj-sob-governo-de-rodrigo-neves-e-referencia-em-transparencia-no-pais-no-combate-a-covid-19\/","title":{"rendered":"Niter\u00f3i (RJ), sob governo de Rodrigo Neves, \u00e9 refer\u00eancia em transpar\u00eancia no Pa\u00eds no combate \u00e0 Covid-19"},"content":{"rendered":"<p>A cidade de Niter\u00f3i (RJ) est\u00e1 vencendo a batalha contra a Covid-19. Desde o m\u00eas de mar\u00e7o, no in\u00edcio da pandemia no Brasil, a Prefeitura do munic\u00edpio, sob a gest\u00e3o do pedetista Rodrigo Neves, tem desenvolvido a\u00e7\u00f5es que foram fundamentais para evitar a r\u00e1pida propaga\u00e7\u00e3o do v\u00edrus na cidade, manter o controle da pandemia e salvar vidas, com o fortalecimento de nossas unidades de sa\u00fade. Com recursos pr\u00f3prios e transpar\u00eancia, a Prefeitura arrendou o Hospital Municipal Oce\u00e2nico por 1,7 milh\u00e3o e n\u00e3o por 56 milh\u00f5es como disseram em <em>fake news.<\/em><\/p>\n<p>Al\u00e9m dessas iniciativas, por meio de um Decreto Municipal, o governo garantiu que todos os contratos feitos pelas secretarias sejam remetidos, mesmo sem solicita\u00e7\u00e3o, ao MP-RJ, Tribunal de Contas do Estado do Rio e ao Legislativo Municipal.<\/p>\n<p>&#8220;Fizemos o dever de casa com muita seriedade, responsabilidade e acima de tudo transpar\u00eancia para a popula\u00e7\u00e3o. Niter\u00f3i foi a cidade com os melhores resultados no estado e foi destaque no Pa\u00eds e no exterior pelas suas a\u00e7\u00f5es&#8221;, celebra Rodrigo Neves.<\/p>\n<p>Por meio de suas a\u00e7\u00f5es, a Prefeitura de Niter\u00f3i tamb\u00e9m garantiu que n\u00e3o faltasse comida na mesa das fam\u00edlias mais vulner\u00e1veis, al\u00e9m da distribui\u00e7\u00e3o de levar kits de higiene.<\/p>\n<p>&#8220;Preservamos postos de trabalho e, com a consci\u00eancia do niteroiense que, est\u00e1 aderindo aos protocolos sanit\u00e1rios, estamos salvando centenas de vidas&#8221;, pontua o prefeito Rodrigo Neves.<\/p>\n<!-- AddThis Advanced Settings generic via filter on the_content --><!-- AddThis Share Buttons generic via filter on the_content -->","protected":false},"excerpt":{"rendered":"<p>A cidade de Niter\u00f3i (RJ) est\u00e1 vencendo a batalha contra a Covid-19. Desde o m\u00eas de mar\u00e7o, no in\u00edcio da pandemia no Brasil, a Prefeitura do munic\u00edpio, sob a gest\u00e3o do pedetista Rodrigo Neves, tem desenvolvido a\u00e7\u00f5es que foram fundamentais para evitar a r\u00e1pida propaga\u00e7\u00e3o do v\u00edrus na cidade, manter o controle da pandemia e&#8230;<!-- AddThis Advanced Settings generic via filter on wp_trim_excerpt --><!-- AddThis Share Buttons generic via filter on wp_trim_excerpt --><\/p>\n","protected":false},"author":17,"featured_media":73938,"comment_status":"closed","ping_status":"closed","sticky":false,"template":"","format":"standard","meta":{"_monsterinsights_skip_tracking":false,"_monsterinsights_sitenote_active":false,"_monsterinsights_sitenote_note":"","_monsterinsights_sitenote_category":0,"_uf_show_specific_survey":0,"_uf_disable_surveys":false,"footnotes":""},"categories":[1402,976],"tags":[4029,3348,2878,4030,3169],"class_list":["post-73905","post","type-post","status-publish","format-standard","has-post-thumbnail","hentry","category-cidades","category-noticias-em-destaque","tag-combate-a-covid-19","tag-covid-19","tag-fake-news","tag-referencia-em-transparencia","tag-rodrigo-neves"],"acf":[],"_links":{"self":[{"href":"https:\/\/pdt-rj.org.br\/index.php\/wp-json\/wp\/v2\/posts\/73905","targetHints":{"allow":["GET"]}}],"collection":[{"href":"https:\/\/pdt-rj.org.br\/index.php\/wp-json\/wp\/v2\/posts"}],"about":[{"href":"https:\/\/pdt-rj.org.br\/index.php\/wp-json\/wp\/v2\/types\/post"}],"author":[{"embeddable":true,"href":"https:\/\/pdt-rj.org.br\/index.php\/wp-json\/wp\/v2\/users\/17"}],"replies":[{"embeddable":true,"href":"https:\/\/pdt-rj.org.br\/index.php\/wp-json\/wp\/v2\/comments?post=73905"}],"version-history":[{"count":8,"href":"https:\/\/pdt-rj.org.br\/index.php\/wp-json\/wp\/v2\/posts\/73905\/revisions"}],"predecessor-version":[{"id":75398,"href":"https:\/\/pdt-rj.org.br\/index.php\/wp-json\/wp\/v2\/posts\/73905\/revisions\/75398"}],"wp:featuredmedia":[{"embeddable":true,"href":"https:\/\/pdt-rj.org.br\/index.php\/wp-json\/wp\/v2\/media\/73938"}],"wp:attachment":[{"href":"https:\/\/pdt-rj.org.br\/index.php\/wp-json\/wp\/v2\/media?parent=73905"}],"wp:term":[{"taxonomy":"category","embeddable":true,"href":"https:\/\/pdt-rj.org.br\/index.php\/wp-json\/wp\/v2\/categories?post=73905"},{"taxonomy":"post_tag","embeddable":true,"href":"https:\/\/pdt-rj.org.br\/index.php\/wp-json\/wp\/v2\/tags?post=73905"}],"curies":[{"name":"wp","href":"https:\/\/api.w.org\/{rel}","templated":true}]}}