{"id":73889,"date":"2020-09-28T19:19:43","date_gmt":"2020-09-28T22:19:43","guid":{"rendered":"http:\/\/pdt-rj.org.br\/?p=73889"},"modified":"2020-10-03T10:22:37","modified_gmt":"2020-10-03T13:22:37","slug":"pdt-e-fundacao-homenageiam-os-90-anos-da-revolucao-de-30-com-seminario","status":"publish","type":"post","link":"https:\/\/pdt-rj.org.br\/index.php\/pdt-e-fundacao-homenageiam-os-90-anos-da-revolucao-de-30-com-seminario\/","title":{"rendered":"PDT e Funda\u00e7\u00e3o homenageiam os 90 anos da Revolu\u00e7\u00e3o de 30 com semin\u00e1rio"},"content":{"rendered":"<p><em><strong>Organizado pelo Centro de Mem\u00f3ria Trabalhista, o evento reunir\u00e1 lideran\u00e7as progressistas do Brasil<\/strong><\/em><\/p>\n<p>Com um semin\u00e1rio virtual, o PDT e a Funda\u00e7\u00e3o Leonel Brizola \u2013 Alberto Pasqualini (FLB-AP) homenagear\u00e3o os 90 anos da Revolu\u00e7\u00e3o de 30, movimento popular e nacionalista que tirou o Brasil da pol\u00edtica do caf\u00e9-com-leite, dominada pelas oligarquias regionais, para colocar no rumo do desenvolvimento e da integra\u00e7\u00e3o. Entre os dias 5, 6 e 8 de outubro, o evento, organizado pelo Centro de Mem\u00f3ria Trabalhistas (CMT), reunir\u00e1 lideran\u00e7as progressistas, incluindo o presidente nacional do PDT, Carlos Lupi, e o ex-governador do Cear\u00e1, Ciro Gomes.<\/p>\n<p>Celebrado, oficialmente a partir do dia 3 de outubro daquele ano, o conjunto de atos revolucion\u00e1rios \u2013 e deflagrados por opera\u00e7\u00f5es militares \u2013, resultaram em um governo provis\u00f3rio liderado Get\u00falio Vargas. S\u00edmbolo do Trabalhismo, o ex-presidente da Rep\u00fablica ser\u00e1 um dos homenageados j\u00e1 abertura, no dia 5, \u00e0s 19h.<\/p>\n<p>Denominado \u201cDe p\u00e9 pelo Brasil\u201d, o painel de abertura contar\u00e1 com as presen\u00e7as do jornalista Jos\u00e9 Augusto Ribeiro, da professora da PUC-Rio, Maria Celina D\u2019Araujo, e da historiadora, Rosa Maria Ara\u00fajo, bem como a media\u00e7\u00e3o do cientista pol\u00edtico e vice-presidente da Funda\u00e7\u00e3o no Rio, Everton Gomes.<\/p>\n<p>Com Carlos Lupi, o presidente da FLB-AP, Manoel Dias, e o senador, Jaques Wagneer, o segundo encontro &#8211; no dia 6, \u00e0s 19h &#8211; dar\u00e1 um enfoque \u00e0 tem\u00e1tica dos trabalhadores brasileiros. Tendo professora e ambientalista do PDT de Minas Gerais, Duda Salabert, como condutora, o painel analisar\u00e1 o legado constru\u00eddo, com destaque para a cria\u00e7\u00e3o, logo nos primeiros anos, do Minist\u00e9rio do Trabalho e a decreta\u00e7\u00e3o das primeiras leis trabalhistas.<\/p>\n<p>No encerramento, programado para o dia 8, \u00e0s 19h, o ex-governador e vice-presidente nacional do PDT, Ciro Gomes, estar\u00e1 debatendo o \u201cDesenvolvimentismo de Vargas\u201d ao lado do ge\u00f3logo e ex-diretor da Petrobras, Guilherme Estrella, e do doutor em economia e professor da Universidade Estadual de Campinas (Unicamp), Luiz Gonzaga Beluzzo.<\/p>\n<p>Coordenador do CMT, Henrique Matthiesen destaca a oportunidade de abordar um tema representativo para a na\u00e7\u00e3o em um momento que, segundo ele, todo o legado est\u00e1 sendo dilapidado por um governo descompromissado com as causas populares e democr\u00e1ticas.<\/p>\n<p>\u201cO PDT valoriza sua hist\u00f3ria e seus l\u00edderes. O semin\u00e1rio \u00e9 mais uma oportunidade de ratificar nossa luta em prol da democracia, dos direitos sociais, das riquezas nacionais e da soberania patri\u00f3tica\u201d, afirmou.<\/p>\n<p>Acompanhe, ao vivo, pelos canais do PDT, da Funda\u00e7\u00e3o e do CMT nas redes sociais, incluindo Facebook e Youtube.<\/p>\n<p><strong>PDT Nacional:<\/strong> <a href=\"https:\/\/www.facebook.com\/pdt.org.br\">facebook.com\/pdt.org.br<\/a><br \/>\n<strong>FLB-AP:<\/strong> <a href=\"https:\/\/www.facebook.com\/fundacaoleonelbrizola\">facebook.com\/fundacaoleonelbrizola<\/a><br \/>\n<strong>CMT:<\/strong> <a href=\"https:\/\/www.facebook.com\/CentroDeMemoriaTrabalhista\">facebook.com\/CentroDeMemoriaTrabalhista<\/a><\/p>\n<!-- AddThis Advanced Settings generic via filter on the_content --><!-- AddThis Share Buttons generic via filter on the_content -->","protected":false},"excerpt":{"rendered":"<p>Organizado pelo Centro de Mem\u00f3ria Trabalhista, o evento reunir\u00e1 lideran\u00e7as progressistas do Brasil Com um semin\u00e1rio virtual, o PDT e a Funda\u00e7\u00e3o Leonel Brizola \u2013 Alberto Pasqualini (FLB-AP) homenagear\u00e3o os 90 anos da Revolu\u00e7\u00e3o de 30, movimento popular e nacionalista que tirou o Brasil da pol\u00edtica do caf\u00e9-com-leite, dominada pelas oligarquias regionais, para colocar no&#8230;<!-- AddThis Advanced Settings generic via filter on wp_trim_excerpt --><!-- AddThis Share Buttons generic via filter on wp_trim_excerpt --><\/p>\n","protected":false},"author":17,"featured_media":73890,"comment_status":"closed","ping_status":"closed","sticky":false,"template":"","format":"standard","meta":{"_monsterinsights_skip_tracking":false,"_monsterinsights_sitenote_active":false,"_monsterinsights_sitenote_note":"","_monsterinsights_sitenote_category":0,"_uf_show_specific_survey":0,"_uf_disable_surveys":false,"footnotes":""},"categories":[1390,1401],"tags":[196,4006,220,4007,831,3084,4008],"class_list":["post-73889","post","type-post","status-publish","format-standard","has-post-thumbnail","hentry","category-editorias","category-nacional","tag-carlos-lupi","tag-centro-de-memoria-trabalhistas","tag-ciro-gomes","tag-de-pe-pelo-brasil","tag-revolucao-de-30","tag-unicamp","tag-universidade-estadual-de-campinas"],"acf":[],"_links":{"self":[{"href":"https:\/\/pdt-rj.org.br\/index.php\/wp-json\/wp\/v2\/posts\/73889","targetHints":{"allow":["GET"]}}],"collection":[{"href":"https:\/\/pdt-rj.org.br\/index.php\/wp-json\/wp\/v2\/posts"}],"about":[{"href":"https:\/\/pdt-rj.org.br\/index.php\/wp-json\/wp\/v2\/types\/post"}],"author":[{"embeddable":true,"href":"https:\/\/pdt-rj.org.br\/index.php\/wp-json\/wp\/v2\/users\/17"}],"replies":[{"embeddable":true,"href":"https:\/\/pdt-rj.org.br\/index.php\/wp-json\/wp\/v2\/comments?post=73889"}],"version-history":[{"count":4,"href":"https:\/\/pdt-rj.org.br\/index.php\/wp-json\/wp\/v2\/posts\/73889\/revisions"}],"predecessor-version":[{"id":73896,"href":"https:\/\/pdt-rj.org.br\/index.php\/wp-json\/wp\/v2\/posts\/73889\/revisions\/73896"}],"wp:featuredmedia":[{"embeddable":true,"href":"https:\/\/pdt-rj.org.br\/index.php\/wp-json\/wp\/v2\/media\/73890"}],"wp:attachment":[{"href":"https:\/\/pdt-rj.org.br\/index.php\/wp-json\/wp\/v2\/media?parent=73889"}],"wp:term":[{"taxonomy":"category","embeddable":true,"href":"https:\/\/pdt-rj.org.br\/index.php\/wp-json\/wp\/v2\/categories?post=73889"},{"taxonomy":"post_tag","embeddable":true,"href":"https:\/\/pdt-rj.org.br\/index.php\/wp-json\/wp\/v2\/tags?post=73889"}],"curies":[{"name":"wp","href":"https:\/\/api.w.org\/{rel}","templated":true}]}}