{"id":73830,"date":"2020-09-23T00:54:33","date_gmt":"2020-09-23T03:54:33","guid":{"rendered":"http:\/\/pdt-rj.org.br\/?p=73830"},"modified":"2020-09-30T15:20:00","modified_gmt":"2020-09-30T18:20:00","slug":"pelo-ideal-de-alberto-pasqualini-a-traducao-do-perfil-de-jair-bolsonaro","status":"publish","type":"post","link":"https:\/\/pdt-rj.org.br\/index.php\/pelo-ideal-de-alberto-pasqualini-a-traducao-do-perfil-de-jair-bolsonaro\/","title":{"rendered":"Pelo ideal de Alberto Pasqualini, a tradu\u00e7\u00e3o do perfil de Jair Bolsonaro"},"content":{"rendered":"<p><em><strong>Lideran\u00e7a emblem\u00e1tica do Trabalhismo, ex-senador ga\u00facho descreve o impacto ditatorial no sistema democr\u00e1tico<\/strong><\/em><\/p>\n<p>\u201cO fen\u00f4meno ditatorial tem caracteres e estilo pr\u00f3prios, segundo as suas causas determinantes, e a sociedade em que se manifesta.\u201d Com um enquadramento singular, o advogado e senador Alberto Pasqualini, que completaria 119 anos nesta quarta-feira (23), traduz, com requintes vision\u00e1rios, o perfil que se ad\u00e9qua perfeitamente ao governo do presidente da Rep\u00fablica, Jair Bolsonaro.<\/p>\n<p>As declara\u00e7\u00f5es, divulgadas h\u00e1 77 anos em um artigo no jornal Correio do Povo, de Porto Alegre (RS), mostram, se inseridas nos dias atuais, como o Brasil convive com uma chama opressora modernizada diante da tentativa de reconstru\u00e7\u00e3o, ainda que breve, de uma nova jornada democr\u00e1tica ap\u00f3s d\u00e9cadas de regime militar.<\/p>\n<p>\u201cNos povos de certo n\u00edvel cultural, o ditatorialismo postula, necessariamente, uma base ideol\u00f3gica, engendra uma m\u00edstica reivindicat\u00f3ria e procura fundamentar-se num ideal ou programa pol\u00edtico e social que se prop\u00f5e realizar\u201d, descreve.<\/p>\n<p>\u201cA doutrina cria adeptos, aderentes e interessados, e a ditadura se instala apoiada num partido. A exist\u00eancia deste implica, de certo modo, a ideia esot\u00e9rica e o reconhecimento de que o povo \u00e9 a fonte e a origem do poder, captada e interpretada, por\u00e9m, a sua vontade atrav\u00e9s das antenas e das rea\u00e7\u00f5es do ditador\u201d, completa.<\/p>\n<p>Marcante em sua trajet\u00f3ria como uma das lideran\u00e7as do Trabalhismo no Brasil, Pasqualini mostra sua percep\u00e7\u00e3o detalhista de situa\u00e7\u00f5es que eram fortemente evidentes durante a sua gera\u00e7\u00e3o, como com Hitler e Mussolini, mas que demonstravam ainda par\u00e2metros de reativa\u00e7\u00e3o a partir de fatores reincidentes at\u00e9 em sociedades \u201cdesenvolvidas\u201d, teoricamente.<\/p>\n<p>\u201cA inadaptabilidade ocasional do sistema democr\u00e1tico, o desgaste de suas energias em lutas e competi\u00e7\u00f5es est\u00e9reis, a decomposi\u00e7\u00e3o moral dos \u00f3rg\u00e3os de governo, a sua falta de coordena\u00e7\u00e3o, a sua inefici\u00eancia e impot\u00eancia ante os mais graves problemas sociais e nacionais, podem favorecer e propiciar, at\u00e9 nas sociedades mais civilizadas, surtos de primitivismo caracterizados pela regress\u00e3o do poder ao indiv\u00edduo e pela centraliza\u00e7\u00e3o da autoridade\u201d, afirma.<\/p>\n<p>No paralelo com a realidade atual, onde existe a falha do governo bolsonarista na condu\u00e7\u00e3o do Estado, o trabalhista indica a origem da exist\u00eancia de \u201cverdadeiro div\u00f3rcio entre as aspira\u00e7\u00f5es e os interesses do povo e a conduta dos seus representantes\u201d.<\/p>\n<p>\u201cDe int\u00e9rpretes de sua vontade e de suas necessidades, passam a ser advogados de interesses de grupos, trocando os deveres e as responsabilidades do mandato popular pelo profissionalismo pol\u00edtico e pelo negocismo\u201d, relata.<\/p>\n<!-- AddThis Advanced Settings generic via filter on the_content --><!-- AddThis Share Buttons generic via filter on the_content -->","protected":false},"excerpt":{"rendered":"<p>Lideran\u00e7a emblem\u00e1tica do Trabalhismo, ex-senador ga\u00facho descreve o impacto ditatorial no sistema democr\u00e1tico \u201cO fen\u00f4meno ditatorial tem caracteres e estilo pr\u00f3prios, segundo as suas causas determinantes, e a sociedade em que se manifesta.\u201d Com um enquadramento singular, o advogado e senador Alberto Pasqualini, que completaria 119 anos nesta quarta-feira (23), traduz, com requintes vision\u00e1rios, o&#8230;<!-- AddThis Advanced Settings generic via filter on wp_trim_excerpt --><!-- AddThis Share Buttons generic via filter on wp_trim_excerpt --><\/p>\n","protected":false},"author":17,"featured_media":73834,"comment_status":"closed","ping_status":"closed","sticky":false,"template":"","format":"standard","meta":{"_monsterinsights_skip_tracking":false,"_monsterinsights_sitenote_active":false,"_monsterinsights_sitenote_note":"","_monsterinsights_sitenote_category":0,"_uf_show_specific_survey":0,"_uf_disable_surveys":false,"footnotes":""},"categories":[1390,976],"tags":[3598,38,1439,46],"class_list":["post-73830","post","type-post","status-publish","format-standard","has-post-thumbnail","hentry","category-editorias","category-noticias-em-destaque","tag-alberto-pasqualini","tag-pdt","tag-porto-alegre-rs","tag-trabalhismo"],"acf":[],"_links":{"self":[{"href":"https:\/\/pdt-rj.org.br\/index.php\/wp-json\/wp\/v2\/posts\/73830","targetHints":{"allow":["GET"]}}],"collection":[{"href":"https:\/\/pdt-rj.org.br\/index.php\/wp-json\/wp\/v2\/posts"}],"about":[{"href":"https:\/\/pdt-rj.org.br\/index.php\/wp-json\/wp\/v2\/types\/post"}],"author":[{"embeddable":true,"href":"https:\/\/pdt-rj.org.br\/index.php\/wp-json\/wp\/v2\/users\/17"}],"replies":[{"embeddable":true,"href":"https:\/\/pdt-rj.org.br\/index.php\/wp-json\/wp\/v2\/comments?post=73830"}],"version-history":[{"count":3,"href":"https:\/\/pdt-rj.org.br\/index.php\/wp-json\/wp\/v2\/posts\/73830\/revisions"}],"predecessor-version":[{"id":73919,"href":"https:\/\/pdt-rj.org.br\/index.php\/wp-json\/wp\/v2\/posts\/73830\/revisions\/73919"}],"wp:featuredmedia":[{"embeddable":true,"href":"https:\/\/pdt-rj.org.br\/index.php\/wp-json\/wp\/v2\/media\/73834"}],"wp:attachment":[{"href":"https:\/\/pdt-rj.org.br\/index.php\/wp-json\/wp\/v2\/media?parent=73830"}],"wp:term":[{"taxonomy":"category","embeddable":true,"href":"https:\/\/pdt-rj.org.br\/index.php\/wp-json\/wp\/v2\/categories?post=73830"},{"taxonomy":"post_tag","embeddable":true,"href":"https:\/\/pdt-rj.org.br\/index.php\/wp-json\/wp\/v2\/tags?post=73830"}],"curies":[{"name":"wp","href":"https:\/\/api.w.org\/{rel}","templated":true}]}}