{"id":73794,"date":"2020-09-20T13:28:19","date_gmt":"2020-09-20T16:28:19","guid":{"rendered":"http:\/\/pdt-rj.org.br\/?p=73794"},"modified":"2020-09-22T14:21:29","modified_gmt":"2020-09-22T17:21:29","slug":"reforma-administrativa-o-pdt-vai-votar-contra","status":"publish","type":"post","link":"https:\/\/pdt-rj.org.br\/index.php\/reforma-administrativa-o-pdt-vai-votar-contra\/","title":{"rendered":"Reforma administrativa: \u201cO PDT vai votar contra\u201d"},"content":{"rendered":"<p>Quem ganha com a reforma administrativa proposta pelo governo? O autoritarismo. O projeto enviado ao Congresso \u00e9 a express\u00e3o fidedigna da l\u00f3gica do desgoverno Bolsonaro: demag\u00f3gico, fundamenta-se na ret\u00f3rica moralista para desestruturar o sistema republicano brasileiro e sua democracia. Por isso, o presidente nacional do PDT, Carlos Lupi, em live com o vice-presidente nacional da legenda, Ciro Gomes, foi categ\u00f3rico ao afirma que \u201co PDT vai votar contra. N\u00f3s n\u00e3o vamos aceitar a retirada de nenhum direito\u201d.<\/p>\n<p>\u201cEles querem rasgar a Constitui\u00e7\u00e3o brasileira\u201d, acusa Lupi. O l\u00edder pedetista se refere ao Artigo 41 da Constitui\u00e7\u00e3o Federal que diz: \u201cS\u00e3o est\u00e1veis, ap\u00f3s dois anos de efetivo exerc\u00edcio, os servidores nomeados em virtude de concurso p\u00fablico. \u00a7 1\u00ba O servidor p\u00fablico est\u00e1vel s\u00f3 perder\u00e1 o cargo em virtude de senten\u00e7a judicial transitada em julgado ou mediante processo administrativo em que lhe seja assegurada ampla defesa\u201d.<\/p>\n<p>O dispositivo existe n\u00e3o por acaso. Ali, a Carta Magna zela para que o Estado n\u00e3o seja ref\u00e9m de governos. A estabilidade do funcion\u00e1rio p\u00fablico garante que ele seja fiel \u00e0 coisa p\u00fablica e n\u00e3o a personalidade transit\u00f3ria que ocupa o Executivo. Sem essa garantia, o interesse estatal ficaria em segundo plano, prevalecendo a vontade do mandat\u00e1rio que teria o poder de destituir o servidor que n\u00e3o compactua de seu ide\u00e1rio, por exemplo.<\/p>\n<p>\u00c9 preciso sopesar que o servi\u00e7o p\u00fablico n\u00e3o corre solto, n\u00e3o \u00e9 o \u201coba oba\u201d propagado por Paulo Guedes e demais liberais sem compromisso p\u00fablico. M\u00e9tricas de avalia\u00e7\u00e3o de desempenho e sistema de progress\u00e3o de carreira existem para balizar o servidor. Quem n\u00e3o atende aos requisitos, n\u00e3o progride. Se esse instrumento tem sido aplicado com efic\u00e1cia, sim, \u00e9 um debate v\u00e1lido.<\/p>\n<p>A reforma administrativa de Bolsonaro \u00e9 perversa, ataca a classe trabalhadora e mant\u00e9m intocados militares, magistrados, parlamentares, promotores e procuradores. Inverso a esse arranjo, o PDT defende a valoriza\u00e7\u00e3o do servidor p\u00fablico. O partido entende que s\u00e3o esses trabalhadores que influenciam diretamente a efici\u00eancia da m\u00e1quina estatal.<\/p>\n<p>Nesse aspecto, Lupi \u00e9 muito claro quanto ao que defende o Trabalhismo: \u201cAssim como a diplomacia, a \u00e1rea de Educa\u00e7\u00e3o e a \u00e1rea de Sa\u00fade toda deveriam ser carreiras de Estado. Dedica\u00e7\u00e3o exclusiva e bem paga. Por qu\u00ea? N\u00f3s precisamos de um tratamento especial para aquilo que \u00e9 essencial. O futuro \u00e9 a educa\u00e7\u00e3o e o presente \u00e9 a sa\u00fade\u201d.<\/p>\n<p>No entendimento dos l\u00edderes pedetistas, \u00e9 importante frisar que n\u00e3o se recha\u00e7a o debate em torno de uma reforma administrativa no Brasil. Contudo, o assunto precisa de aten\u00e7\u00e3o compromissada com o aperfei\u00e7oamento do servi\u00e7o estatal e da democracia. O que Bolsonaro prop\u00f5e \u00e9 o oposto, uma maneira de dobrar a m\u00e1quina p\u00fablica ao desejo pessoal, \u00e0 tirania. E nada que corr\u00f3i o Estado interessa ao PDT.<\/p>\n<!-- AddThis Advanced Settings generic via filter on the_content --><!-- AddThis Share Buttons generic via filter on the_content -->","protected":false},"excerpt":{"rendered":"<p>Quem ganha com a reforma administrativa proposta pelo governo? O autoritarismo. O projeto enviado ao Congresso \u00e9 a express\u00e3o fidedigna da l\u00f3gica do desgoverno Bolsonaro: demag\u00f3gico, fundamenta-se na ret\u00f3rica moralista para desestruturar o sistema republicano brasileiro e sua democracia. Por isso, o presidente nacional do PDT, Carlos Lupi, em live com o vice-presidente nacional da&#8230;<!-- AddThis Advanced Settings generic via filter on wp_trim_excerpt --><!-- AddThis Share Buttons generic via filter on wp_trim_excerpt --><\/p>\n","protected":false},"author":17,"featured_media":73795,"comment_status":"closed","ping_status":"closed","sticky":false,"template":"","format":"standard","meta":{"_monsterinsights_skip_tracking":false,"_monsterinsights_sitenote_active":false,"_monsterinsights_sitenote_note":"","_monsterinsights_sitenote_category":0,"_uf_show_specific_survey":0,"_uf_disable_surveys":false,"footnotes":""},"categories":[1401,976],"tags":[196,2968,220,287,338,1246,857,1985],"class_list":["post-73794","post","type-post","status-publish","format-standard","has-post-thumbnail","hentry","category-nacional","category-noticias-em-destaque","tag-carlos-lupi","tag-carta-magna","tag-ciro-gomes","tag-democracia","tag-educacao","tag-reforma-administrativa","tag-saude","tag-trabalhista"],"acf":[],"_links":{"self":[{"href":"https:\/\/pdt-rj.org.br\/index.php\/wp-json\/wp\/v2\/posts\/73794","targetHints":{"allow":["GET"]}}],"collection":[{"href":"https:\/\/pdt-rj.org.br\/index.php\/wp-json\/wp\/v2\/posts"}],"about":[{"href":"https:\/\/pdt-rj.org.br\/index.php\/wp-json\/wp\/v2\/types\/post"}],"author":[{"embeddable":true,"href":"https:\/\/pdt-rj.org.br\/index.php\/wp-json\/wp\/v2\/users\/17"}],"replies":[{"embeddable":true,"href":"https:\/\/pdt-rj.org.br\/index.php\/wp-json\/wp\/v2\/comments?post=73794"}],"version-history":[{"count":4,"href":"https:\/\/pdt-rj.org.br\/index.php\/wp-json\/wp\/v2\/posts\/73794\/revisions"}],"predecessor-version":[{"id":73826,"href":"https:\/\/pdt-rj.org.br\/index.php\/wp-json\/wp\/v2\/posts\/73794\/revisions\/73826"}],"wp:featuredmedia":[{"embeddable":true,"href":"https:\/\/pdt-rj.org.br\/index.php\/wp-json\/wp\/v2\/media\/73795"}],"wp:attachment":[{"href":"https:\/\/pdt-rj.org.br\/index.php\/wp-json\/wp\/v2\/media?parent=73794"}],"wp:term":[{"taxonomy":"category","embeddable":true,"href":"https:\/\/pdt-rj.org.br\/index.php\/wp-json\/wp\/v2\/categories?post=73794"},{"taxonomy":"post_tag","embeddable":true,"href":"https:\/\/pdt-rj.org.br\/index.php\/wp-json\/wp\/v2\/tags?post=73794"}],"curies":[{"name":"wp","href":"https:\/\/api.w.org\/{rel}","templated":true}]}}