{"id":73745,"date":"2020-09-15T11:51:13","date_gmt":"2020-09-15T14:51:13","guid":{"rendered":"http:\/\/pdt-rj.org.br\/?p=73745"},"modified":"2020-09-22T14:24:40","modified_gmt":"2020-09-22T17:24:40","slug":"o-auxilio-de-r-600-ainda-e-necessario-para-o-trabalhador-e-para-o-brasil","status":"publish","type":"post","link":"https:\/\/pdt-rj.org.br\/index.php\/o-auxilio-de-r-600-ainda-e-necessario-para-o-trabalhador-e-para-o-brasil\/","title":{"rendered":"O aux\u00edlio de R$ 600 ainda \u00e9 necess\u00e1rio para o trabalhador e para o Brasil"},"content":{"rendered":"<p>Apesar de os n\u00fameros de novos casos e de mortes estarem em decl\u00ednio e as atividades econ\u00f4micas estarem sendo gradualmente retomadas, a pandemia do novo coronav\u00edrus ainda n\u00e3o acabou. A nova normalidade ainda imp\u00f5e restri\u00e7\u00f5es a muitos setores da economia, houve perda expressiva de empregos e de renda e o pa\u00eds precisar\u00e1 de um tempo at\u00e9 se recuperar. Neste cen\u00e1rio, \u00e9 importante que o aux\u00edlio emergencial de R$ 600,00 seja mantido, como instrumento de apoio \u00e0 recupera\u00e7\u00e3o financeira das fam\u00edlias afetadas pela crise e como meio de manter a economia do Brasil minimante aquecida.<\/p>\n<p>O que se viveu no mundo nos \u00faltimos seis meses \u00e9 um trauma de grandes propor\u00e7\u00f5es. S\u00f3 no Brasil j\u00e1 perdemos 130 mil vidas. Milhares de pessoas tiveram que se isolar em casa para prote\u00e7\u00e3o individual e coletiva. O impacto disso na economia \u00e9 severo e de longo prazo. E devemos lembrar que a economia brasileira j\u00e1 come\u00e7ou 2020 mal, registrando um PIB med\u00edocre e com o desemprego nas alturas.<\/p>\n<p>Se a economia do pa\u00eds est\u00e1 ruim, o efeito disso \u00e9 ainda pior na vida de cada fam\u00edlia, onde a dor da fome, dos apertos financeiros, das d\u00edvidas \u00e9 real e palp\u00e1vel.<\/p>\n<p>Muitos trabalhadores ainda n\u00e3o conseguiram o emprego de volta, muitos brasileiros e brasileiras ainda est\u00e3o \u00e0s voltas com d\u00edvidas contra\u00eddas nesses \u00faltimos meses, h\u00e1 postos de trabalho que se fecharam definitivamente em fun\u00e7\u00e3o das mudan\u00e7as de h\u00e1bitos de consumo e que levar\u00e3o tempo at\u00e9 serem reabertos. E, em meio a tudo isso, ainda h\u00e1 a alta de produtos da cesta b\u00e1sica, como arroz e \u00f3leo, que afetam diretamente a vida das pessoas.<\/p>\n<p>N\u00e3o \u00e9 razo\u00e1vel que nessas circunst\u00e2ncias o aux\u00edlio emergencial seja reduzido pela metade, para R$ 300,00, como prop\u00f5e o governo federal.<\/p>\n<p>Estamos travando a mesma discuss\u00e3o do in\u00edcio, quando o governo federal queria que o aux\u00edlio emergencial fosse de apenas R$ 200,00 e o Congresso definiu por um valor maior. A diferen\u00e7a \u00e9 que agora j\u00e1 temos os resultados para mostrar que os R$ 600,00 foram fundamentais n\u00e3o s\u00f3 para quem recebeu, como para toda a economia, que se manteve minimamente gra\u00e7as a esses recursos extras que circularam no mercado.<\/p>\n<p>O PDT trabalha para que valor do aux\u00edlio emergencial se mantenha em R$ 600,00. Afinal, o momento ainda \u00e9 de emerg\u00eancia para milhares de fam\u00edlias e o Estado tem o dever de auxiliar seus cidad\u00e3os quando eles precisam e de manter a economia funcionando at\u00e9 que ela possa retomar seu crescimento.<\/p>\n<p><strong><em>*Weverton, senador e l\u00edder do PDT no Senado<\/em><\/strong><\/p>\n<!-- AddThis Advanced Settings generic via filter on the_content --><!-- AddThis Share Buttons generic via filter on the_content -->","protected":false},"excerpt":{"rendered":"<p>Apesar de os n\u00fameros de novos casos e de mortes estarem em decl\u00ednio e as atividades econ\u00f4micas estarem sendo gradualmente retomadas, a pandemia do novo coronav\u00edrus ainda n\u00e3o acabou. A nova normalidade ainda imp\u00f5e restri\u00e7\u00f5es a muitos setores da economia, houve perda expressiva de empregos e de renda e o pa\u00eds precisar\u00e1 de um tempo&#8230;<!-- AddThis Advanced Settings generic via filter on wp_trim_excerpt --><!-- AddThis Share Buttons generic via filter on wp_trim_excerpt --><\/p>\n","protected":false},"author":17,"featured_media":73748,"comment_status":"closed","ping_status":"closed","sticky":false,"template":"","format":"standard","meta":{"_monsterinsights_skip_tracking":false,"_monsterinsights_sitenote_active":false,"_monsterinsights_sitenote_note":"","_monsterinsights_sitenote_category":0,"_uf_show_specific_survey":0,"_uf_disable_surveys":false,"footnotes":""},"categories":[1584,976],"tags":[3376,2327,38,5,3985,962],"class_list":["post-73745","post","type-post","status-publish","format-standard","has-post-thumbnail","hentry","category-artigos","category-noticias-em-destaque","tag-auxilio-emergencial","tag-desemprego","tag-pdt","tag-pib","tag-recuperacao-financeira","tag-weverton-rocha"],"acf":[],"_links":{"self":[{"href":"https:\/\/pdt-rj.org.br\/index.php\/wp-json\/wp\/v2\/posts\/73745","targetHints":{"allow":["GET"]}}],"collection":[{"href":"https:\/\/pdt-rj.org.br\/index.php\/wp-json\/wp\/v2\/posts"}],"about":[{"href":"https:\/\/pdt-rj.org.br\/index.php\/wp-json\/wp\/v2\/types\/post"}],"author":[{"embeddable":true,"href":"https:\/\/pdt-rj.org.br\/index.php\/wp-json\/wp\/v2\/users\/17"}],"replies":[{"embeddable":true,"href":"https:\/\/pdt-rj.org.br\/index.php\/wp-json\/wp\/v2\/comments?post=73745"}],"version-history":[{"count":4,"href":"https:\/\/pdt-rj.org.br\/index.php\/wp-json\/wp\/v2\/posts\/73745\/revisions"}],"predecessor-version":[{"id":73829,"href":"https:\/\/pdt-rj.org.br\/index.php\/wp-json\/wp\/v2\/posts\/73745\/revisions\/73829"}],"wp:featuredmedia":[{"embeddable":true,"href":"https:\/\/pdt-rj.org.br\/index.php\/wp-json\/wp\/v2\/media\/73748"}],"wp:attachment":[{"href":"https:\/\/pdt-rj.org.br\/index.php\/wp-json\/wp\/v2\/media?parent=73745"}],"wp:term":[{"taxonomy":"category","embeddable":true,"href":"https:\/\/pdt-rj.org.br\/index.php\/wp-json\/wp\/v2\/categories?post=73745"},{"taxonomy":"post_tag","embeddable":true,"href":"https:\/\/pdt-rj.org.br\/index.php\/wp-json\/wp\/v2\/tags?post=73745"}],"curies":[{"name":"wp","href":"https:\/\/api.w.org\/{rel}","templated":true}]}}