{"id":73738,"date":"2020-09-14T22:34:51","date_gmt":"2020-09-15T01:34:51","guid":{"rendered":"http:\/\/pdt-rj.org.br\/?p=73738"},"modified":"2020-09-21T21:45:48","modified_gmt":"2020-09-22T00:45:48","slug":"miguelina-vecchio-ressalta-protagonismo-da-amt-juntas-somos-muito-mais-fortes","status":"publish","type":"post","link":"https:\/\/pdt-rj.org.br\/index.php\/miguelina-vecchio-ressalta-protagonismo-da-amt-juntas-somos-muito-mais-fortes\/","title":{"rendered":"Miguelina Vecchio ressalta protagonismo da AMT: \u201cJuntas, somos muito mais fortes\u201d"},"content":{"rendered":"<p><strong><em>A presidente nacional do movimento defendeu a representatividade das mulheres no processo eleitoral<\/em><\/strong><\/p>\n<p>\u201cFazemos pol\u00edtica com foco na equidade de g\u00eanero, mas tamb\u00e9m no espa\u00e7o onde o poder \u00e9 distribu\u00eddo\u201d, exaltou a presidente nacional da A\u00e7\u00e3o da Mulher Trabalhista (AMT), Miguelina Vecchio, ao participar do debate virtual promovido, nesta segunda-feira (14), pelo grupo nacional de advogados do PDT. Em parceria com a Funda\u00e7\u00e3o Leonel Brizola \u2013 Alberto Pasqualini (FLB-AP), o encontro abordou a participa\u00e7\u00e3o efetiva da mulher no ambiente pol\u00edtico e eleitoral.<\/p>\n<p>Dentro de uma realidade onde a mulher representa 52% do eleitorado, mas menos de 15% nas c\u00e2maras de vereadores, Miguelina aponta o PDT como um diferencial dentro da realidade pol\u00edtica.<\/p>\n<p>\u201cNem sempre basta estar na lei, tem que estar na vida. A lei existe para regular o fato social, que indica que os partidos s\u00e3o muito machistas. N\u00f3s temos a sorte de ter um dirigente nacional, que \u00e9 o presidente (Carlos Lupi), com uma cumplicidade com a causa da mulher\u201d, disse, ao enaltecer o apoio e parceria do secret\u00e1rio-geral nacional do PDT e presidente da Funda\u00e7\u00e3o, Manoel Dias.<\/p>\n<p>\u201cIsso cria condi\u00e7\u00f5es de fazer um enfrentamento para que os homens, nos estados, entendam que n\u00f3s n\u00e3o estamos aqui para ocupar o lugar deles. Agora, se eles estiverem ocupando o nosso, eles v\u00e3o ter que levantar\u201d, complementa.<\/p>\n<p>Ao mencionar o processo de escolha de candidatas, pela AMT, a partir da cota de 30% para mulheres nas elei\u00e7\u00f5es proporcionais, Vecchio destaca o combate \u00e0s candidaturas laranjas e o fortalecimento progressivo ao longo dos anos.<\/p>\n<p>\u201c\u00c9 a materializa\u00e7\u00e3o de uma luta que as mulheres tinham para que o espa\u00e7o delas fosse respeitado\u201d, concluiu.<\/p>\n<p>Manoel Dias afirmou que acompanha a trajet\u00f3ria das mulheres, no PDT, e todo o legado constru\u00eddo a partir do enfrentamento de obst\u00e1culos que est\u00e3o historicamente enraizados na sociedade.<\/p>\n<p>\u201cEu vejo a resist\u00eancia, coragem e disposi\u00e7\u00e3o de todas voc\u00eas, a partir da lideran\u00e7a da Miguelina. Por isso, precisam continuar na luta que empreendem, pela causa que defendem, pois v\u00e3o seguir superando os obst\u00e1culos\u201d, garantiu.<\/p>\n<p>Valoriza\u00e7\u00e3o<\/p>\n<p>Durante o encontro, que tamb\u00e9m contou com pondera\u00e7\u00f5es da vice-presidente da Funda\u00e7\u00e3o e presidente da AMT em Rond\u00f4nia, Marli Mendon\u00e7a, da vice-presidente da Funda\u00e7\u00e3o no Piau\u00ed, Daniele Miranda, e da integrante da executiva da AMT de Porto Alegre (RS), Renata Gabert, a advogada do PDT Nacional, Mara Hofans mencionou o pioneirismo da sigla trabalhista desde a formula\u00e7\u00e3o do estatuto.<\/p>\n<p>\u201cO PDT, como sempre, \u00e9 pioneiro. Faz a reserva do percentual para as mulheres. Inclusive, no programa do partido, est\u00e1 bem definido e estabelecido essa defesa intransigente da participa\u00e7\u00e3o das mulheres em todos os seguimentos\u201d, indica.<\/p>\n<p>Ao falar de propostas e medidas para ampliar a participa\u00e7\u00e3o feminina, ela tamb\u00e9m destaca a import\u00e2ncia da transforma\u00e7\u00e3o de um cen\u00e1rio que ainda \u00e9 desproporcional em todo o pa\u00eds.<\/p>\n<p>\u201c\u00c9 fundamental (medidas) para tornar a representa\u00e7\u00e3o parlamentar mais de acordo com a realidade econ\u00f4mica, pol\u00edtica e social desse nosso Brasil. \u00c9 uma corre\u00e7\u00e3o hist\u00f3rica nos rumos da pol\u00edtica nacional\u201d, comenta.<\/p>\n<p>Confira, na \u00edntegra, o debate transmitido pelo Est\u00fadio Legalidade no canal da Funda\u00e7\u00e3o no Youtube:<\/p>\n<p><iframe loading=\"lazy\" title=\"ADVOGADOS DO PDT - Mulheres na pol\u00edtica - Elei\u00e7\u00f5es 2020\" width=\"640\" height=\"360\" src=\"https:\/\/www.youtube.com\/embed\/BuoQejWoEjk?feature=oembed\" frameborder=\"0\" allow=\"accelerometer; autoplay; clipboard-write; encrypted-media; gyroscope; picture-in-picture; web-share\" referrerpolicy=\"strict-origin-when-cross-origin\" allowfullscreen><\/iframe><\/p>\n<!-- AddThis Advanced Settings generic via filter on the_content --><!-- AddThis Share Buttons generic via filter on the_content -->","protected":false},"excerpt":{"rendered":"<p>A presidente nacional do movimento defendeu a representatividade das mulheres no processo eleitoral \u201cFazemos pol\u00edtica com foco na equidade de g\u00eanero, mas tamb\u00e9m no espa\u00e7o onde o poder \u00e9 distribu\u00eddo\u201d, exaltou a presidente nacional da A\u00e7\u00e3o da Mulher Trabalhista (AMT), Miguelina Vecchio, ao participar do debate virtual promovido, nesta segunda-feira (14), pelo grupo nacional de&#8230;<!-- AddThis Advanced Settings generic via filter on wp_trim_excerpt --><!-- AddThis Share Buttons generic via filter on wp_trim_excerpt --><\/p>\n","protected":false},"author":17,"featured_media":73740,"comment_status":"closed","ping_status":"closed","sticky":false,"template":"","format":"standard","meta":{"_monsterinsights_skip_tracking":false,"_monsterinsights_sitenote_active":false,"_monsterinsights_sitenote_note":"","_monsterinsights_sitenote_category":0,"_uf_show_specific_survey":0,"_uf_disable_surveys":false,"footnotes":""},"categories":[1585,1390,1397],"tags":[87,111,591,614,1439,3984],"class_list":["post-73738","post","type-post","status-publish","format-standard","has-post-thumbnail","hentry","category-amt","category-editorias","category-movimentos","tag-acao-da-mulher-trabalhista","tag-amt","tag-manoel-dias","tag-miguelina-vecchio","tag-porto-alegre-rs","tag-renata-gabert"],"acf":[],"_links":{"self":[{"href":"https:\/\/pdt-rj.org.br\/index.php\/wp-json\/wp\/v2\/posts\/73738","targetHints":{"allow":["GET"]}}],"collection":[{"href":"https:\/\/pdt-rj.org.br\/index.php\/wp-json\/wp\/v2\/posts"}],"about":[{"href":"https:\/\/pdt-rj.org.br\/index.php\/wp-json\/wp\/v2\/types\/post"}],"author":[{"embeddable":true,"href":"https:\/\/pdt-rj.org.br\/index.php\/wp-json\/wp\/v2\/users\/17"}],"replies":[{"embeddable":true,"href":"https:\/\/pdt-rj.org.br\/index.php\/wp-json\/wp\/v2\/comments?post=73738"}],"version-history":[{"count":1,"href":"https:\/\/pdt-rj.org.br\/index.php\/wp-json\/wp\/v2\/posts\/73738\/revisions"}],"predecessor-version":[{"id":73741,"href":"https:\/\/pdt-rj.org.br\/index.php\/wp-json\/wp\/v2\/posts\/73738\/revisions\/73741"}],"wp:featuredmedia":[{"embeddable":true,"href":"https:\/\/pdt-rj.org.br\/index.php\/wp-json\/wp\/v2\/media\/73740"}],"wp:attachment":[{"href":"https:\/\/pdt-rj.org.br\/index.php\/wp-json\/wp\/v2\/media?parent=73738"}],"wp:term":[{"taxonomy":"category","embeddable":true,"href":"https:\/\/pdt-rj.org.br\/index.php\/wp-json\/wp\/v2\/categories?post=73738"},{"taxonomy":"post_tag","embeddable":true,"href":"https:\/\/pdt-rj.org.br\/index.php\/wp-json\/wp\/v2\/tags?post=73738"}],"curies":[{"name":"wp","href":"https:\/\/api.w.org\/{rel}","templated":true}]}}