{"id":73697,"date":"2020-09-14T14:41:40","date_gmt":"2020-09-14T17:41:40","guid":{"rendered":"http:\/\/pdt-rj.org.br\/?p=73697"},"modified":"2020-09-14T14:45:27","modified_gmt":"2020-09-14T17:45:27","slug":"alvorada-de-outdoor","status":"publish","type":"post","link":"https:\/\/pdt-rj.org.br\/index.php\/alvorada-de-outdoor\/","title":{"rendered":"Alvorada de Outdoor"},"content":{"rendered":"<p>No in\u00edcio do m\u00eas de setembro foram instalados quatro outdoors pela cidade do Rio de Janeiro que fazem propaganda do novo livro do vice-presidente nacional do PDT, Ciro Gomes, O Dever da Esperan\u00e7a (editora Leya). A iniciativa de Everton Gomes e militantes da Turma Boa, apoiadores de Ciro, demonstra na cidade a presen\u00e7a e o crescimento de grupos de pr\u00f3-Ciro Gomes e o PDT para o projeto de governo de 2022.<\/p>\n<p>A a\u00e7\u00e3o foi resultado de uma arrecada\u00e7\u00e3o volunt\u00e1ria realizada por apoiadores, simpatizantes e filiados do PDT, a partir da ideia do companheiro Everton Gomes.<\/p>\n<p>O projeto, coordenado, principalmente, atrav\u00e9s das redes sociais, re\u00fane simpatizantes de todo o Brasil e j\u00e1 espalhou dezenas de outdoors pelo pa\u00eds.<\/p>\n<p>O diferencial na cidade do Rio de Janeiro foi a organiza\u00e7\u00e3o e empreendimento que permitiu que fossem instalados quatro outdoors de uma s\u00f3 vez. Apesar dos custos do tipo de propaganda serem consideravelmente elevados, o ato se tornou realidade gra\u00e7as a coopera\u00e7\u00e3o e dedica\u00e7\u00e3o dos apoiadores.<\/p>\n<p>Para Everton Gomes, que articulou o projeto de arrecada\u00e7\u00e3o, a contrata\u00e7\u00e3o e acompanhou a instala\u00e7\u00e3o, \u201cisso demonstra que a turma boa est\u00e1 muito preocupada em divulgar o Ciro e n\u00e3o est\u00e1 medindo esfor\u00e7os para que isso se torne realidade\u201d.<\/p>\n<p>Ainda, segundo Everton, \u201co projeto de Ciro e do PDT dependem de todos os esfor\u00e7os para que consigamos superar com, como diz o Ciro, ideia, exemplo e milit\u00e2ncia, construindo um Brasil que os mais pobres sejam inclu\u00eddos no projeto de pa\u00eds, e que haja desenvolvimento de verdade\u201d.<\/p>\n<p>Os pain\u00e9is est\u00e3o no Maracan\u00e3, pr\u00f3ximo a Uerj, em Madureira, em Jacarepagu\u00e1 e na Ilha do Governador.<\/p>\n<!-- AddThis Advanced Settings generic via filter on the_content --><!-- AddThis Share Buttons generic via filter on the_content -->","protected":false},"excerpt":{"rendered":"<p>No in\u00edcio do m\u00eas de setembro foram instalados quatro outdoors pela cidade do Rio de Janeiro que fazem propaganda do novo livro do vice-presidente nacional do PDT, Ciro Gomes, O Dever da Esperan\u00e7a (editora Leya). A iniciativa de Everton Gomes e militantes da Turma Boa, apoiadores de Ciro, demonstra na cidade a presen\u00e7a e o&#8230;<!-- AddThis Advanced Settings generic via filter on wp_trim_excerpt --><!-- AddThis Share Buttons generic via filter on wp_trim_excerpt --><\/p>\n","protected":false},"author":17,"featured_media":73705,"comment_status":"closed","ping_status":"closed","sticky":false,"template":"","format":"standard","meta":{"_monsterinsights_skip_tracking":false,"_monsterinsights_sitenote_active":false,"_monsterinsights_sitenote_note":"","_monsterinsights_sitenote_category":0,"_uf_show_specific_survey":0,"_uf_disable_surveys":false,"footnotes":""},"categories":[1390,1402],"tags":[220,1796,3982,1602,3981],"class_list":["post-73697","post","type-post","status-publish","format-standard","has-post-thumbnail","hentry","category-editorias","category-cidades","tag-ciro-gomes","tag-everton-gomes","tag-o-dever-da-esperanca","tag-rio-de-janeiro","tag-turma-boa"],"acf":[],"_links":{"self":[{"href":"https:\/\/pdt-rj.org.br\/index.php\/wp-json\/wp\/v2\/posts\/73697","targetHints":{"allow":["GET"]}}],"collection":[{"href":"https:\/\/pdt-rj.org.br\/index.php\/wp-json\/wp\/v2\/posts"}],"about":[{"href":"https:\/\/pdt-rj.org.br\/index.php\/wp-json\/wp\/v2\/types\/post"}],"author":[{"embeddable":true,"href":"https:\/\/pdt-rj.org.br\/index.php\/wp-json\/wp\/v2\/users\/17"}],"replies":[{"embeddable":true,"href":"https:\/\/pdt-rj.org.br\/index.php\/wp-json\/wp\/v2\/comments?post=73697"}],"version-history":[{"count":2,"href":"https:\/\/pdt-rj.org.br\/index.php\/wp-json\/wp\/v2\/posts\/73697\/revisions"}],"predecessor-version":[{"id":73707,"href":"https:\/\/pdt-rj.org.br\/index.php\/wp-json\/wp\/v2\/posts\/73697\/revisions\/73707"}],"wp:featuredmedia":[{"embeddable":true,"href":"https:\/\/pdt-rj.org.br\/index.php\/wp-json\/wp\/v2\/media\/73705"}],"wp:attachment":[{"href":"https:\/\/pdt-rj.org.br\/index.php\/wp-json\/wp\/v2\/media?parent=73697"}],"wp:term":[{"taxonomy":"category","embeddable":true,"href":"https:\/\/pdt-rj.org.br\/index.php\/wp-json\/wp\/v2\/categories?post=73697"},{"taxonomy":"post_tag","embeddable":true,"href":"https:\/\/pdt-rj.org.br\/index.php\/wp-json\/wp\/v2\/tags?post=73697"}],"curies":[{"name":"wp","href":"https:\/\/api.w.org\/{rel}","templated":true}]}}