{"id":73625,"date":"2020-09-09T17:39:05","date_gmt":"2020-09-09T20:39:05","guid":{"rendered":"http:\/\/pdt-rj.org.br\/?p=73625"},"modified":"2020-09-09T17:39:05","modified_gmt":"2020-09-09T20:39:05","slug":"unir-agora-para-divergir-amanha","status":"publish","type":"post","link":"https:\/\/pdt-rj.org.br\/index.php\/unir-agora-para-divergir-amanha\/","title":{"rendered":"Unir agora para divergir amanh\u00e3"},"content":{"rendered":"<p>A Hist\u00f3ria \u00e9 a mestra da vida. A senten\u00e7a de C\u00edcero, orador romano, chamava aten\u00e7\u00e3o para as li\u00e7\u00f5es que podiam ser extra\u00eddas do conhecimento do passado. Elas serviam ainda para que as pessoas entendessem melhor o presente e projetassem futuros mais generosos.<\/p>\n<p>Na circunst\u00e2ncia em que o Brasil se encontra, governado por uma extrema-direita com tintas fascistas encarnada na figura do presidente Jair Bolsonaro, cabe aos democratas buscar caminhos que recoloquem o pa\u00eds na trilha da liberdade, da justi\u00e7a social, do desenvolvimento sustent\u00e1vel e da defesa intransigente dos direitos humanos universais. Entender as li\u00e7\u00f5es da Hist\u00f3ria, nesse processo, \u00e9 fundamental.<\/p>\n<p>\u00c9 not\u00f3rio, por exemplo, que a desuni\u00e3o de partidos e organiza\u00e7\u00f5es progressistas e de esquerda, ainda que n\u00e3o tenha sido respons\u00e1vel direta pelo fato, facilitou a ascens\u00e3o dos nazistas na Alemanha. Na Espanha, a uni\u00e3o de partidos republicanos de esquerda permitiu a vit\u00f3ria da Frente Popular nas elei\u00e7\u00f5es de 1936. O governo popular acabou tendo que enfrentar a rea\u00e7\u00e3o da extrema-direita, comandada pelo general Francisco Franco, na Guerra Civil Espanhola. Durante o processo, a desuni\u00e3o dos grupos antifascistas acabou facilitando a tarefa dos franquistas, apoiados por Hitler e Mussolini, e a Espanha mergulhou na ditadura franquista.<\/p>\n<p>Por outro lado, na mesma Espanha, o Pacto de Moncloa, assinado em 1977, uniu amplos segmentos pol\u00edticos e da sociedade civil organizada espanhola para, ressaltadas as suas diferen\u00e7as, garantir a transi\u00e7\u00e3o democr\u00e1tica ap\u00f3s a ditadura, tra\u00e7ando compromissos comuns nos campos da economia, da democracia, do direito, da previd\u00eancia e da educa\u00e7\u00e3o.<\/p>\n<p>\u201cS\u00f3 tenho um objetivo, a destrui\u00e7\u00e3o de Hitler, e isso simplifica minha vida consideravelmente. Se Hitler invadisse o inferno, eu faria pelo menos uma refer\u00eancia favor\u00e1vel ao diabo na C\u00e2mara dos Comuns\u201d. Com essas frase, o conservador Winston Churchill justificou a alian\u00e7a com Stalin e a Uni\u00e3o Sovi\u00e9tica para a causa imediata maior: derrotar o nazismo.<\/p>\n<p>Com tudo isso, creio ser necess\u00e1rio um amplo movimento de combate \u00e0 extrema-direita bolsonarista no Brasil. Uma uni\u00e3o em nome de pautas comuns \u2013 que n\u00e3o anulem nossas diferen\u00e7as, mas ressaltem\u00a0 nossas semelhan\u00e7as \u2013 que garanta de forma inegoci\u00e1vel a democracia e a justi\u00e7a social, sem abrir m\u00e3o desses pilares.<\/p>\n<p>Dialogar, buscar consensos, abrir m\u00e3o ocasionalmente de certas expectativas, inclusive eleitorais, em nome de uma unidade firme de defesa da liberdade se tornou a tarefa urgente dos nossos dias. Se n\u00e3o tivermos agora a capacidade de nos unir, no futuro talvez n\u00e3o possamos ter o direito de exercer e debater livremente as nossas diverg\u00eancias.<\/p>\n<!-- AddThis Advanced Settings generic via filter on the_content --><!-- AddThis Share Buttons generic via filter on the_content -->","protected":false},"excerpt":{"rendered":"<p>A Hist\u00f3ria \u00e9 a mestra da vida. A senten\u00e7a de C\u00edcero, orador romano, chamava aten\u00e7\u00e3o para as li\u00e7\u00f5es que podiam ser extra\u00eddas do conhecimento do passado. Elas serviam ainda para que as pessoas entendessem melhor o presente e projetassem futuros mais generosos. Na circunst\u00e2ncia em que o Brasil se encontra, governado por uma extrema-direita com&#8230;<!-- AddThis Advanced Settings generic via filter on wp_trim_excerpt --><!-- AddThis Share Buttons generic via filter on wp_trim_excerpt --><\/p>\n","protected":false},"author":17,"featured_media":70345,"comment_status":"closed","ping_status":"closed","sticky":false,"template":"","format":"standard","meta":{"_monsterinsights_skip_tracking":false,"_monsterinsights_sitenote_active":false,"_monsterinsights_sitenote_note":"","_monsterinsights_sitenote_category":0,"_uf_show_specific_survey":0,"_uf_disable_surveys":false,"footnotes":""},"categories":[1584,1390],"tags":[2854,287,536],"class_list":["post-73625","post","type-post","status-publish","format-standard","has-post-thumbnail","hentry","category-artigos","category-editorias","tag-chico-dangelo","tag-democracia","tag-justica-social"],"acf":[],"_links":{"self":[{"href":"https:\/\/pdt-rj.org.br\/index.php\/wp-json\/wp\/v2\/posts\/73625","targetHints":{"allow":["GET"]}}],"collection":[{"href":"https:\/\/pdt-rj.org.br\/index.php\/wp-json\/wp\/v2\/posts"}],"about":[{"href":"https:\/\/pdt-rj.org.br\/index.php\/wp-json\/wp\/v2\/types\/post"}],"author":[{"embeddable":true,"href":"https:\/\/pdt-rj.org.br\/index.php\/wp-json\/wp\/v2\/users\/17"}],"replies":[{"embeddable":true,"href":"https:\/\/pdt-rj.org.br\/index.php\/wp-json\/wp\/v2\/comments?post=73625"}],"version-history":[{"count":2,"href":"https:\/\/pdt-rj.org.br\/index.php\/wp-json\/wp\/v2\/posts\/73625\/revisions"}],"predecessor-version":[{"id":73627,"href":"https:\/\/pdt-rj.org.br\/index.php\/wp-json\/wp\/v2\/posts\/73625\/revisions\/73627"}],"wp:featuredmedia":[{"embeddable":true,"href":"https:\/\/pdt-rj.org.br\/index.php\/wp-json\/wp\/v2\/media\/70345"}],"wp:attachment":[{"href":"https:\/\/pdt-rj.org.br\/index.php\/wp-json\/wp\/v2\/media?parent=73625"}],"wp:term":[{"taxonomy":"category","embeddable":true,"href":"https:\/\/pdt-rj.org.br\/index.php\/wp-json\/wp\/v2\/categories?post=73625"},{"taxonomy":"post_tag","embeddable":true,"href":"https:\/\/pdt-rj.org.br\/index.php\/wp-json\/wp\/v2\/tags?post=73625"}],"curies":[{"name":"wp","href":"https:\/\/api.w.org\/{rel}","templated":true}]}}