{"id":73621,"date":"2020-09-09T17:15:39","date_gmt":"2020-09-09T20:15:39","guid":{"rendered":"http:\/\/pdt-rj.org.br\/?p=73621"},"modified":"2020-09-09T17:18:09","modified_gmt":"2020-09-09T20:18:09","slug":"andre-figueiredo-propoe-divisao-proporcional-do-financiamento-eleitoral-entre-negros-e-brancos","status":"publish","type":"post","link":"https:\/\/pdt-rj.org.br\/index.php\/andre-figueiredo-propoe-divisao-proporcional-do-financiamento-eleitoral-entre-negros-e-brancos\/","title":{"rendered":"Andr\u00e9 Figueiredo prop\u00f5e divis\u00e3o proporcional do financiamento eleitoral entre negros e brancos"},"content":{"rendered":"<p>O l\u00edder da oposi\u00e7\u00e3o na C\u00e2mara, deputado federal Andr\u00e9 Figueiredo (PDT-CE), apresentou o Projeto de Lei <a href=\"https:\/\/www.camara.leg.br\/proposicoesWeb\/prop_mostrarintegra?codteor=1924818&amp;filename=PL+4330\/2020\"><strong>4398\/20<\/strong><\/a>, que atualiza aplica\u00e7\u00e3o, distribui\u00e7\u00e3o de recursos e tempo de propaganda eleitoral \u2013 popula\u00e7\u00f5es negras de ambos os sexos ser\u00e3o contempladas proporcionalmente com a popula\u00e7\u00e3o branca.<\/p>\n<p>A proposta vai atualizar a aplica\u00e7\u00e3o dos recursos do Fundo Partid\u00e1rio, do Fundo Especial de Financiamento de Campanha (FECP) e da distribui\u00e7\u00e3o da propaganda eleitoral no r\u00e1dio e na televis\u00e3o por sexo, proporcionalmente entre as candidaturas de popula\u00e7\u00e3o negra e branca.<\/p>\n<p>De acordo com Andr\u00e9 Figueiredo visa acompanhar a inova\u00e7\u00e3o do Tribunal Superior Eleitoral (TSE), que aprovou por 6 votos a 1 o financiamento proporcional a candidatos negros e brancos a partir de 2022.<\/p>\n<p>Pelo do parlamentar, a aplica\u00e7\u00e3o dos recursos do Fundo Partid\u00e1rio, do FECP e da distribui\u00e7\u00e3o da propaganda eleitoral no r\u00e1dio e na televis\u00e3o devem respeitar o percentual m\u00ednimo de 30% e o m\u00e1ximo de 70% para candidaturas por sexo, repartidos proporcionalmente entre as candidaturas de popula\u00e7\u00e3o negra e branca.<\/p>\n<p>Como um dos vice-presidentes do PDT Nacional, Andr\u00e9 Figueiredo destaca que a defesa do incentivo \u00e0s candidaturas negras sempre foi uma bandeira levantada pelo partido. \u201cEsta proporcionalidade nos recursos encoraja ainda mais a popula\u00e7\u00e3o negra aos mandatos. Precisamos nos unir para fortalecer o combate aos infelizes epis\u00f3dios de intoler\u00e2ncia que ainda s\u00e3o vividos em todo o Brasil\u201d, diz Andr\u00e9.<\/p>\n<!-- AddThis Advanced Settings generic via filter on the_content --><!-- AddThis Share Buttons generic via filter on the_content -->","protected":false},"excerpt":{"rendered":"<p>O l\u00edder da oposi\u00e7\u00e3o na C\u00e2mara, deputado federal Andr\u00e9 Figueiredo (PDT-CE), apresentou o Projeto de Lei 4398\/20, que atualiza aplica\u00e7\u00e3o, distribui\u00e7\u00e3o de recursos e tempo de propaganda eleitoral \u2013 popula\u00e7\u00f5es negras de ambos os sexos ser\u00e3o contempladas proporcionalmente com a popula\u00e7\u00e3o branca. A proposta vai atualizar a aplica\u00e7\u00e3o dos recursos do Fundo Partid\u00e1rio, do Fundo&#8230;<!-- AddThis Advanced Settings generic via filter on wp_trim_excerpt --><!-- AddThis Share Buttons generic via filter on wp_trim_excerpt --><\/p>\n","protected":false},"author":17,"featured_media":73623,"comment_status":"closed","ping_status":"closed","sticky":false,"template":"","format":"standard","meta":{"_monsterinsights_skip_tracking":false,"_monsterinsights_sitenote_active":false,"_monsterinsights_sitenote_note":"","_monsterinsights_sitenote_category":0,"_uf_show_specific_survey":0,"_uf_disable_surveys":false,"footnotes":""},"categories":[1390],"tags":[],"class_list":["post-73621","post","type-post","status-publish","format-standard","has-post-thumbnail","hentry","category-editorias"],"acf":[],"_links":{"self":[{"href":"https:\/\/pdt-rj.org.br\/index.php\/wp-json\/wp\/v2\/posts\/73621","targetHints":{"allow":["GET"]}}],"collection":[{"href":"https:\/\/pdt-rj.org.br\/index.php\/wp-json\/wp\/v2\/posts"}],"about":[{"href":"https:\/\/pdt-rj.org.br\/index.php\/wp-json\/wp\/v2\/types\/post"}],"author":[{"embeddable":true,"href":"https:\/\/pdt-rj.org.br\/index.php\/wp-json\/wp\/v2\/users\/17"}],"replies":[{"embeddable":true,"href":"https:\/\/pdt-rj.org.br\/index.php\/wp-json\/wp\/v2\/comments?post=73621"}],"version-history":[{"count":2,"href":"https:\/\/pdt-rj.org.br\/index.php\/wp-json\/wp\/v2\/posts\/73621\/revisions"}],"predecessor-version":[{"id":73624,"href":"https:\/\/pdt-rj.org.br\/index.php\/wp-json\/wp\/v2\/posts\/73621\/revisions\/73624"}],"wp:featuredmedia":[{"embeddable":true,"href":"https:\/\/pdt-rj.org.br\/index.php\/wp-json\/wp\/v2\/media\/73623"}],"wp:attachment":[{"href":"https:\/\/pdt-rj.org.br\/index.php\/wp-json\/wp\/v2\/media?parent=73621"}],"wp:term":[{"taxonomy":"category","embeddable":true,"href":"https:\/\/pdt-rj.org.br\/index.php\/wp-json\/wp\/v2\/categories?post=73621"},{"taxonomy":"post_tag","embeddable":true,"href":"https:\/\/pdt-rj.org.br\/index.php\/wp-json\/wp\/v2\/tags?post=73621"}],"curies":[{"name":"wp","href":"https:\/\/api.w.org\/{rel}","templated":true}]}}