{"id":73582,"date":"2020-09-06T00:00:24","date_gmt":"2020-09-06T03:00:24","guid":{"rendered":"http:\/\/pdt-rj.org.br\/?p=73582"},"modified":"2020-09-13T02:57:03","modified_gmt":"2020-09-13T05:57:03","slug":"ha-41-anos-brizola-retornava-do-exilio-apesar-da-ditadura","status":"publish","type":"post","link":"https:\/\/pdt-rj.org.br\/index.php\/ha-41-anos-brizola-retornava-do-exilio-apesar-da-ditadura\/","title":{"rendered":"H\u00e1 41 anos, Brizola retornava do ex\u00edlio apesar da ditadura"},"content":{"rendered":"<p>A permiss\u00e3o para entrar no Pa\u00eds veio no \u00faltimo momento, duas horas antes que o bimotor Piper pousasse em Foz do Igua\u00e7u. A lei da anistia j\u00e1 vigorava, mas os generais do decadente regime militar ainda temiam aquele que era considerado o pior inimigo da ditadura. \u00c0s 17h25 do dia 6 de setembro de 1979, encerrava o mais longo ex\u00edlio de um pol\u00edtico brasileiro: Leonel de Moura Brizola retornava ao Brasil, 15 anos depois de ter sido obrigado a deix\u00e1-lo.<\/p>\n<p>\u201cAqui chegamos com o cora\u00e7\u00e3o cheio de saudade, mas limpo de \u00f3dios\u201d, disse Brizola ao retornar. O trabalhista chegava ao pa\u00eds esperan\u00e7oso pela atmosfera de redemocratiza\u00e7\u00e3o que crescia no Brasil. \u201cVenho para tratar do ressurgimento da nossa causa\u201d, proferiu se referindo a reformula\u00e7\u00e3o do trabalhismo que, no ano seguinte, seria abrigado na nova sigla: PDT \u2013 Partido Democr\u00e1tico Trabalhista.<\/p>\n<p>Leonel Brizola se tornou o pior inimigo dos militares golpista antes mesmo de conclu\u00edrem o golpe, em 1964. Por meio da Campanha da Legalidade, em 1961, ele impediu que tomassem o poder e garantiu a posse de Jo\u00e3o Goulart como presidente da Rep\u00fablica. Tr\u00eas anos mais tarde, quando depuseram Jango, Brizola teve de deixar o pa\u00eds para se exilar primeiro no Uruguai, depois nos Estados Unidos e, por \u00faltimo, em Portugal.<\/p>\n<p>Veja abaixo registro do retorno de Leonel Brizola.<\/p>\n<p><iframe loading=\"lazy\" src=\"\/\/www.youtube.com\/embed\/CLnXl_w6UsI\" width=\"717\" height=\"689\" frameborder=\"0\" allowfullscreen=\"allowfullscreen\"><\/iframe><\/p>\n<!-- AddThis Advanced Settings generic via filter on the_content --><!-- AddThis Share Buttons generic via filter on the_content -->","protected":false},"excerpt":{"rendered":"<p>A permiss\u00e3o para entrar no Pa\u00eds veio no \u00faltimo momento, duas horas antes que o bimotor Piper pousasse em Foz do Igua\u00e7u. A lei da anistia j\u00e1 vigorava, mas os generais do decadente regime militar ainda temiam aquele que era considerado o pior inimigo da ditadura. \u00c0s 17h25 do dia 6 de setembro de 1979,&#8230;<!-- AddThis Advanced Settings generic via filter on wp_trim_excerpt --><!-- AddThis Share Buttons generic via filter on wp_trim_excerpt --><\/p>\n","protected":false},"author":17,"featured_media":55164,"comment_status":"closed","ping_status":"closed","sticky":false,"template":"","format":"standard","meta":{"_monsterinsights_skip_tracking":false,"_monsterinsights_sitenote_active":false,"_monsterinsights_sitenote_note":"","_monsterinsights_sitenote_category":0,"_uf_show_specific_survey":0,"_uf_disable_surveys":false,"footnotes":""},"categories":[1390,1401,976],"tags":[],"class_list":["post-73582","post","type-post","status-publish","format-standard","has-post-thumbnail","hentry","category-editorias","category-nacional","category-noticias-em-destaque"],"acf":[],"_links":{"self":[{"href":"https:\/\/pdt-rj.org.br\/index.php\/wp-json\/wp\/v2\/posts\/73582","targetHints":{"allow":["GET"]}}],"collection":[{"href":"https:\/\/pdt-rj.org.br\/index.php\/wp-json\/wp\/v2\/posts"}],"about":[{"href":"https:\/\/pdt-rj.org.br\/index.php\/wp-json\/wp\/v2\/types\/post"}],"author":[{"embeddable":true,"href":"https:\/\/pdt-rj.org.br\/index.php\/wp-json\/wp\/v2\/users\/17"}],"replies":[{"embeddable":true,"href":"https:\/\/pdt-rj.org.br\/index.php\/wp-json\/wp\/v2\/comments?post=73582"}],"version-history":[{"count":4,"href":"https:\/\/pdt-rj.org.br\/index.php\/wp-json\/wp\/v2\/posts\/73582\/revisions"}],"predecessor-version":[{"id":73694,"href":"https:\/\/pdt-rj.org.br\/index.php\/wp-json\/wp\/v2\/posts\/73582\/revisions\/73694"}],"wp:featuredmedia":[{"embeddable":true,"href":"https:\/\/pdt-rj.org.br\/index.php\/wp-json\/wp\/v2\/media\/55164"}],"wp:attachment":[{"href":"https:\/\/pdt-rj.org.br\/index.php\/wp-json\/wp\/v2\/media?parent=73582"}],"wp:term":[{"taxonomy":"category","embeddable":true,"href":"https:\/\/pdt-rj.org.br\/index.php\/wp-json\/wp\/v2\/categories?post=73582"},{"taxonomy":"post_tag","embeddable":true,"href":"https:\/\/pdt-rj.org.br\/index.php\/wp-json\/wp\/v2\/tags?post=73582"}],"curies":[{"name":"wp","href":"https:\/\/api.w.org\/{rel}","templated":true}]}}