{"id":73577,"date":"2020-09-05T15:14:35","date_gmt":"2020-09-05T18:14:35","guid":{"rendered":"http:\/\/pdt-rj.org.br\/?p=73577"},"modified":"2020-09-07T16:34:07","modified_gmt":"2020-09-07T19:34:07","slug":"nao-a-essa-tragedia-que-esta-se-encaminhando-contra-o-povo-brasileiro","status":"publish","type":"post","link":"https:\/\/pdt-rj.org.br\/index.php\/nao-a-essa-tragedia-que-esta-se-encaminhando-contra-o-povo-brasileiro\/","title":{"rendered":"\u201cN\u00e3o a essa trag\u00e9dia que est\u00e1 se encaminhando contra o povo brasileiro\u201d"},"content":{"rendered":"<p>O vice-presidente nacional do PDT, Ciro Gomes, foi o convidado do \u201cCaf\u00e9 com Lupi\u201d deste s\u00e1bado (5). Maior audi\u00eancia do programa desde a sua estr\u00e9ia, o bate-papo entre os l\u00edderes pedetistas abordou a reforma administrativa proposta pelo Executivo, a crise brasileira e as elei\u00e7\u00f5es municipais de novembro.<\/p>\n<p>A reforma administrativa de Bolsonaro tem gerado descontentamento em setores da sociedade que entendem a import\u00e2ncia do servi\u00e7o p\u00fablico. A proposta reduz o quadro t\u00e9cnico dos servidores de carreira e tira estabilidade do funcion\u00e1rio p\u00fablico. No entendimento dos pedetistas, isso pode criar uma defici\u00eancia nos servi\u00e7os prestados ao cidad\u00e3o e um preju\u00edzo para o Estado.<\/p>\n<p>\u201cA reforma administrativa que n\u00f3s precisamos \u00e9 a que os cargos t\u00e9cnicos de assessoramento [n\u00e3o concursados] sejam min\u00fasculos e que a maioria dos cargos t\u00e9cnicos [concursados] represente a continuidade, a perman\u00eancia do planejamento estrat\u00e9gico, e que a popula\u00e7\u00e3o possa saber para onde est\u00e1 indo o pa\u00eds, independentemente de amanh\u00e3 a gente mudar de presidente da Rep\u00fablica\u201d, explicou Ciro.<\/p>\n<p>Carlos Lupi, presidente nacional do PDT, afirmou que a orienta\u00e7\u00e3o para os parlamentares do partido \u00e9 de votar contra a proposta do Executivo. \u201cO PDT vai votar contra. N\u00f3s n\u00e3o vamos aceitar a retirada de nenhum direito. Isso est\u00e1 na Constitui\u00e7\u00e3o, eles querem rasgar a Constitui\u00e7\u00e3o brasileira. Acabar com a estabilidade do servidor p\u00fablico \u00e9 rasgar a Constitui\u00e7\u00e3o brasileira\u201d, alertou.<\/p>\n<p>A dupla falou ainda sobre a crise instalada no pa\u00eds, infla\u00e7\u00e3o e as pr\u00f3ximas elei\u00e7\u00f5es municipais. O pleito, marcado para novembro, ser\u00e1 uma oportunidade para a popula\u00e7\u00e3o escolher pol\u00edticos compromissados com o equil\u00edbrio do Estado e com as demandas do povo \u2013 sa\u00fade, educa\u00e7\u00e3o, seguran\u00e7a, etc. \u2013 e, principalmente, recha\u00e7ar a for\u00e7a pol\u00edtica que tem corro\u00eddo o pa\u00eds.<\/p>\n<p>\u201cPrecisamos dizer um grande n\u00e3o a essa trag\u00e9dia que est\u00e1 se encaminhando contra o povo brasileiro por esse encontro de corrup\u00e7\u00e3o, de entreguismo ao estrangeiro e de incompet\u00eancia que o bolsonarismo representa\u201d, alertou Ciro Gomes.<\/p>\n<p>Confira o programa completo abaixo.<\/p>\n<p><iframe loading=\"lazy\" src=\"\/\/www.youtube.com\/embed\/K_daUvz15iw\" width=\"956\" height=\"538\" frameborder=\"0\" allowfullscreen=\"allowfullscreen\"><\/iframe><\/p>\n<!-- AddThis Advanced Settings generic via filter on the_content --><!-- AddThis Share Buttons generic via filter on the_content -->","protected":false},"excerpt":{"rendered":"<p>O vice-presidente nacional do PDT, Ciro Gomes, foi o convidado do \u201cCaf\u00e9 com Lupi\u201d deste s\u00e1bado (5). Maior audi\u00eancia do programa desde a sua estr\u00e9ia, o bate-papo entre os l\u00edderes pedetistas abordou a reforma administrativa proposta pelo Executivo, a crise brasileira e as elei\u00e7\u00f5es municipais de novembro. A reforma administrativa de Bolsonaro tem gerado descontentamento&#8230;<!-- AddThis Advanced Settings generic via filter on wp_trim_excerpt --><!-- AddThis Share Buttons generic via filter on wp_trim_excerpt --><\/p>\n","protected":false},"author":17,"featured_media":73578,"comment_status":"closed","ping_status":"closed","sticky":false,"template":"","format":"standard","meta":{"_monsterinsights_skip_tracking":false,"_monsterinsights_sitenote_active":false,"_monsterinsights_sitenote_note":"","_monsterinsights_sitenote_category":0,"_uf_show_specific_survey":0,"_uf_disable_surveys":false,"footnotes":""},"categories":[3327,975,1401,976],"tags":[3695,196,3181,220,38],"class_list":["post-73577","post","type-post","status-publish","format-standard","has-post-thumbnail","hentry","category-eleicoes-2020","category-manchete","category-nacional","category-noticias-em-destaque","tag-cafe-com-lupi","tag-carlos-lupi","tag-ciro-2022","tag-ciro-gomes","tag-pdt"],"acf":[],"_links":{"self":[{"href":"https:\/\/pdt-rj.org.br\/index.php\/wp-json\/wp\/v2\/posts\/73577","targetHints":{"allow":["GET"]}}],"collection":[{"href":"https:\/\/pdt-rj.org.br\/index.php\/wp-json\/wp\/v2\/posts"}],"about":[{"href":"https:\/\/pdt-rj.org.br\/index.php\/wp-json\/wp\/v2\/types\/post"}],"author":[{"embeddable":true,"href":"https:\/\/pdt-rj.org.br\/index.php\/wp-json\/wp\/v2\/users\/17"}],"replies":[{"embeddable":true,"href":"https:\/\/pdt-rj.org.br\/index.php\/wp-json\/wp\/v2\/comments?post=73577"}],"version-history":[{"count":3,"href":"https:\/\/pdt-rj.org.br\/index.php\/wp-json\/wp\/v2\/posts\/73577\/revisions"}],"predecessor-version":[{"id":73596,"href":"https:\/\/pdt-rj.org.br\/index.php\/wp-json\/wp\/v2\/posts\/73577\/revisions\/73596"}],"wp:featuredmedia":[{"embeddable":true,"href":"https:\/\/pdt-rj.org.br\/index.php\/wp-json\/wp\/v2\/media\/73578"}],"wp:attachment":[{"href":"https:\/\/pdt-rj.org.br\/index.php\/wp-json\/wp\/v2\/media?parent=73577"}],"wp:term":[{"taxonomy":"category","embeddable":true,"href":"https:\/\/pdt-rj.org.br\/index.php\/wp-json\/wp\/v2\/categories?post=73577"},{"taxonomy":"post_tag","embeddable":true,"href":"https:\/\/pdt-rj.org.br\/index.php\/wp-json\/wp\/v2\/tags?post=73577"}],"curies":[{"name":"wp","href":"https:\/\/api.w.org\/{rel}","templated":true}]}}