{"id":73540,"date":"2020-09-03T22:59:36","date_gmt":"2020-09-04T01:59:36","guid":{"rendered":"http:\/\/pdt-rj.org.br\/?p=73540"},"modified":"2020-09-03T23:04:30","modified_gmt":"2020-09-04T02:04:30","slug":"pdt-lanca-plataforma-militancia-turma-boa-em-live-com-ciro-neto-lupi-e-militancia","status":"publish","type":"post","link":"https:\/\/pdt-rj.org.br\/index.php\/pdt-lanca-plataforma-militancia-turma-boa-em-live-com-ciro-neto-lupi-e-militancia\/","title":{"rendered":"PDT lan\u00e7a plataforma Milit\u00e2ncia Turma Boa em live com Ciro, Neto, Lupi e milit\u00e2ncia"},"content":{"rendered":"<p><em><strong>O engajamento dos candidatos a vereador na plataforma ser\u00e1 uma m\u00e9trica para estabelecer o peso da candidatura dentro da chapa<\/strong><\/em><\/p>\n<p>No \u00faltimo s\u00e1bado (29\/08), o PDT de S\u00e3o Paulo apresentou a plataforma digital Milit\u00e2ncia Turma Boa, criada para integrar os volunt\u00e1rios trabalhistas paulistanos. O lan\u00e7amento aconteceu em uma live com as participa\u00e7\u00f5es do vice-presidente nacional e presidenci\u00e1vel pedetista Ciro Gomes, o presidente nacional do PDT, Carlos Lupi e Antonio Neto, presidente municipal do PDT e pr\u00e9-candidato a vice-prefeito na chapa de M\u00e1rcio Fran\u00e7a (PSB), que tamb\u00e9m participou do lan\u00e7amento. Fayga Oliveira tamb\u00e9m marcou presen\u00e7a como representante da milit\u00e2ncia do PDT.<\/p>\n<p>O objetivo da rede \u00e9 organizar uma ampla rede de volunt\u00e1rios trabalhistas na cidade de S\u00e3o Paulo, promovendo o cadastramento e o engajamento dos militantes e simpatizantes do Projeto Nacional de Desenvolvimento (PND). A ideia \u00e9 tamb\u00e9m fortalecer a figura de Ciro para as elei\u00e7\u00f5es de 2022.<\/p>\n<p><strong>Import\u00e2ncia do pleito eleitoral na capital paulistana<\/strong><\/p>\n<p>\u201cN\u00f3s precisamos arregimentar toda nossa milit\u00e2ncia em S\u00e3o Paulo ao redor de um generoso projeto de nacional desenvolvimento, e as elei\u00e7\u00f5es desse ano s\u00e3o fundamentais para a gente chegar em 2022 com uma base ainda mais forte\u201d, afirmou Ciro Gomes, que completou: \u201cEu n\u00e3o tenho o direito de pedir nada porque a nossa milit\u00e2ncia \u00e9 independente. Mas pe\u00e7o que reflitam antes do dia da elei\u00e7\u00e3o. O M\u00e1rcio Fran\u00e7a \u00e9 o nosso candidato para mudar S\u00e3o Paulo e nos fortalecer para a gente mudar o Brasil em 2022\u201d.<\/p>\n<p>Carlos Lupi concordou com Ciro e ressaltou que apoiar a candidatura de M\u00e1rcio Fran\u00e7a \u00e9 apoiar quem ama S\u00e3o Paulo. \u201cApoiar o M\u00e1rcio Fran\u00e7a \u00e9 apoiar o projeto de futuro que queremos para o Brasil.\u201d, acrescentou Lupi. Fayga Oliveira lembrou da necessidade de enfrentar a extrema direita nas plataformas digitais. \u201cPrecisamos dominar os instrumentos dessa milit\u00e2ncia digital, porque essa direita corrupta tem recursos ilimitados e n\u00e3o seguem a lei, tampouco a \u00e9tica.\u201d, concluiu.<\/p>\n<p><strong>Como funciona a plataforma<\/strong><\/p>\n<p>O cadastramento ser\u00e1 feito atrav\u00e9s do site do PDT de acordo com o potencial de contribui\u00e7\u00e3o, dedica\u00e7\u00e3o e disponibilidade. A intera\u00e7\u00e3o e participa\u00e7\u00e3o dos candidatos a vereador no cadastramento e engajamento tamb\u00e9m ser\u00e1 uma m\u00e9trica para estabelecer o peso da candidatura dentro chapa, resultando em maior apoio ou espa\u00e7o nas atividades e tempo de televis\u00e3o do partido.<\/p>\n<p><strong>Os volunt\u00e1rios ser\u00e3o classificados de duas formas:<\/strong><\/p>\n<p>. <strong>Ativista virtual \u2013<\/strong> Tem disponibilidade para integrar grupos organizados na campanha, receber\u00e1 treinamento b\u00e1sico para atua\u00e7\u00e3o em redes sociais e montagem de listas de WhatsApp para divulga\u00e7\u00e3o das a\u00e7\u00f5es. Quem tiver disponibilidade tamb\u00e9m poder\u00e1 participar de panfletagens ou atividades de campanha durante determinados dias da semana. Meta: 10 mil volunt\u00e1rios.<\/p>\n<p>\u00b7 <strong>Casa Trabalhista \u2013<\/strong> rede em S\u00e3o Paulo de resid\u00eancias\/com\u00e9rcios de apoiadores do PDT\/Ciro em S\u00e3o Paulo, em que o local funcione como um Comit\u00ea Domiciliar da Campanha, um ponto de distribui\u00e7\u00e3o de materiais e encontros de organiza\u00e7\u00e3o pol\u00edtica. Meta: 1 mil Casas Trabalhistas.<\/p>\n<p>Para se cadastrar na plataforma, <a href=\"https:\/\/pdtsaopaulo.org.br\/turmaboa\/\">clique aqui<\/a>.<\/p>\n<p>Confira abaixo como foi o lan\u00e7amento da plataforma:<\/p>\n<p><iframe loading=\"lazy\" title=\"Lan\u00e7amento da plataforma Milit\u00e2ncia Turma Boa com Ciro Gomes, Carlos Lupi e Antonio Neto\" width=\"640\" height=\"360\" src=\"https:\/\/www.youtube.com\/embed\/ujWxMFAdodc?start=138&#038;feature=oembed\" frameborder=\"0\" allow=\"accelerometer; autoplay; clipboard-write; encrypted-media; gyroscope; picture-in-picture; web-share\" referrerpolicy=\"strict-origin-when-cross-origin\" allowfullscreen><\/iframe><\/p>\n<!-- AddThis Advanced Settings generic via filter on the_content --><!-- AddThis Share Buttons generic via filter on the_content -->","protected":false},"excerpt":{"rendered":"<p>O engajamento dos candidatos a vereador na plataforma ser\u00e1 uma m\u00e9trica para estabelecer o peso da candidatura dentro da chapa No \u00faltimo s\u00e1bado (29\/08), o PDT de S\u00e3o Paulo apresentou a plataforma digital Milit\u00e2ncia Turma Boa, criada para integrar os volunt\u00e1rios trabalhistas paulistanos. O lan\u00e7amento aconteceu em uma live com as participa\u00e7\u00f5es do vice-presidente nacional&#8230;<!-- AddThis Advanced Settings generic via filter on wp_trim_excerpt --><!-- AddThis Share Buttons generic via filter on wp_trim_excerpt --><\/p>\n","protected":false},"author":17,"featured_media":73541,"comment_status":"closed","ping_status":"closed","sticky":false,"template":"","format":"standard","meta":{"_monsterinsights_skip_tracking":false,"_monsterinsights_sitenote_active":false,"_monsterinsights_sitenote_note":"","_monsterinsights_sitenote_category":0,"_uf_show_specific_survey":0,"_uf_disable_surveys":false,"footnotes":""},"categories":[1390],"tags":[3967,196,3968,220,3970,3969,1541,855],"class_list":["post-73540","post","type-post","status-publish","format-standard","has-post-thumbnail","hentry","category-editorias","tag-ativista-virtual","tag-carlos-lupi","tag-casa-trabalhista","tag-ciro-gomes","tag-militancia-turma-boa","tag-pnd","tag-projeto-nacional-de-desenvolvimento","tag-sao-paulo"],"acf":[],"_links":{"self":[{"href":"https:\/\/pdt-rj.org.br\/index.php\/wp-json\/wp\/v2\/posts\/73540","targetHints":{"allow":["GET"]}}],"collection":[{"href":"https:\/\/pdt-rj.org.br\/index.php\/wp-json\/wp\/v2\/posts"}],"about":[{"href":"https:\/\/pdt-rj.org.br\/index.php\/wp-json\/wp\/v2\/types\/post"}],"author":[{"embeddable":true,"href":"https:\/\/pdt-rj.org.br\/index.php\/wp-json\/wp\/v2\/users\/17"}],"replies":[{"embeddable":true,"href":"https:\/\/pdt-rj.org.br\/index.php\/wp-json\/wp\/v2\/comments?post=73540"}],"version-history":[{"count":3,"href":"https:\/\/pdt-rj.org.br\/index.php\/wp-json\/wp\/v2\/posts\/73540\/revisions"}],"predecessor-version":[{"id":73544,"href":"https:\/\/pdt-rj.org.br\/index.php\/wp-json\/wp\/v2\/posts\/73540\/revisions\/73544"}],"wp:featuredmedia":[{"embeddable":true,"href":"https:\/\/pdt-rj.org.br\/index.php\/wp-json\/wp\/v2\/media\/73541"}],"wp:attachment":[{"href":"https:\/\/pdt-rj.org.br\/index.php\/wp-json\/wp\/v2\/media?parent=73540"}],"wp:term":[{"taxonomy":"category","embeddable":true,"href":"https:\/\/pdt-rj.org.br\/index.php\/wp-json\/wp\/v2\/categories?post=73540"},{"taxonomy":"post_tag","embeddable":true,"href":"https:\/\/pdt-rj.org.br\/index.php\/wp-json\/wp\/v2\/tags?post=73540"}],"curies":[{"name":"wp","href":"https:\/\/api.w.org\/{rel}","templated":true}]}}