{"id":73527,"date":"2020-09-03T22:13:06","date_gmt":"2020-09-04T01:13:06","guid":{"rendered":"http:\/\/pdt-rj.org.br\/?p=73527"},"modified":"2020-09-03T22:42:43","modified_gmt":"2020-09-04T01:42:43","slug":"juruna-cacique-xavante-que-revolucionou-pelo-pdt-o-congresso-nacional","status":"publish","type":"post","link":"https:\/\/pdt-rj.org.br\/index.php\/juruna-cacique-xavante-que-revolucionou-pelo-pdt-o-congresso-nacional\/","title":{"rendered":"Juruna: cacique Xavante que, pelo PDT, revolucionou o Congresso Nacional"},"content":{"rendered":"<p>\u201cSe tiver ao menos mais cinquenta Juruna, o Juruna j\u00e1 tinha mudado o Brasil. Vira a mesa.\u201d Em um discurso hist\u00f3rico na tribuna da C\u00e2mara dos Deputados,\u00a0 primeiro parlamentar ind\u00edgena do Brasil, marcou o Dia do \u00cdndio, em 19 de abril de 1983. Com marcos como esse,M\u00e1rio Juruna, o cacique Xavante, que nesta quinta-feira (3) estaria completando 77 anos, segue revolucion\u00e1rio a partir do legado que construiu ao longo da sua trajet\u00f3ria nacional.<\/p>\n<p>Desde Barra do Gar\u00e7as (Mato Grosso), a lideran\u00e7a dedicou seus esfor\u00e7os para questionar e transformar, dentro do poss\u00edvel para a \u00e9poca, a realidade dos ind\u00edgenas ap\u00f3s s\u00e9culos de repress\u00f5es e abusos. E isso foi poss\u00edvel com o ineditismo que agitou os corredores do Congresso Nacional ap\u00f3s sua elei\u00e7\u00e3o, em 1982, com 31 mil votos pelo PDT de Leonel Brizola, no Rio de Janeiro.<\/p>\n<p>\u201cJuruna \u00e9 o primeiro \u00edndio que est\u00e1 representando brasileiro, porque o Governo brasileiro n\u00e3o d\u00e1 oportunidade pra \u00edndio, porque ele quer continuar tutelar toda vida \u00edndio. E n\u00f3s n\u00e3o somos tutelados, somos respons\u00e1veis, n\u00f3s somos gente, n\u00f3s somos ser humano\u201d, afirmou, durante a sua manifesta\u00e7\u00e3o, que tamb\u00e9m pode ser conferida em \u00e1udio, ao final do texto, no podcast do Centro de Mem\u00f3ria Trabalhista (CMT).<\/p>\n<p>E, justamente, a novidade parlamentar poderia representar, segundo ele, um movimento que renderia uma mudan\u00e7a de paradigmas n\u00e3o s\u00f3 na pol\u00edtica, mas tamb\u00e9m na sociedade brasileira. Para isso, reafirmava a necessidade de ampliar o espa\u00e7o e as oportunidades para todos os segmentos da popula\u00e7\u00e3o.<\/p>\n<p>\u201cCada um de n\u00f3s tem consci\u00eancia e cada um de n\u00f3s tem capacidade. Ningu\u00e9m tem menos capacidade. Todos n\u00f3s tem capacidade e todos n\u00f3s t\u00eam intelig\u00eancia e todos n\u00f3s tem a vontade para assumir onde quer que existe poder. Eu acho esse j\u00e1 \u00e9 fruto est\u00e1 nascendo aqui dentro do Brasil, esse j\u00e1 \u00e9 sinal que est\u00e1 nascendo aqui dentro do plen\u00e1rio. \u00danico \u00edndio que t\u00e1 falando hoje, \u00fanico\u201d, comentou, ao receber aplausos.<\/p>\n<p>Nesse processo, a luta pelo regime democr\u00e1tico \u2013 conquistado, posteriormente, com a Constitui\u00e7\u00e3o de 1988 -, ratificava seu anseio por um pa\u00eds mais justo e igual ap\u00f3s d\u00e9cadas de ditadura militar.<\/p>\n<p>\u201cVamos pensar juntos e mudar o regime do Brasil. N\u00f3s vamos mudar a nossa mentalidade. Vamos buscar a nossa inspira\u00e7\u00e3o e vamos assumir mais ainda. N\u00f3s n\u00e3o podemos praticar a sujeira que acontece diante de n\u00f3s. N\u00f3s podemos virar o nosso Brasil c n\u00f3s podemos virar a mesa-redonda e vamos mudar a casa e vamos pegar vassoura e vamos levar sabonete para o terreiro. Eu mesmo n\u00e3o aceito mais que o Governo assume. Eu n\u00e3o aceito mais\u201d, disse o l\u00edder Xavante, que faleceu em 2002.<\/p>\n<p><strong>Voz da verdade<\/strong><\/p>\n<p>No podcast do CMT, a emo\u00e7\u00e3o do pedetista ao defender seu povo:<\/p>\n<p><iframe title=\"Spotify Embed: EP#73-Alceu Collares em homenagem ao Dia Nacional da Consci\u00eancia Negra e \u00e0s Religi\u00f5es de Matriz Africana, em 16 de novembro de 2005\" style=\"border-radius: 12px\" width=\"624\" height=\"351\" frameborder=\"0\" allowfullscreen allow=\"autoplay; clipboard-write; encrypted-media; fullscreen; picture-in-picture\" loading=\"lazy\" src=\"https:\/\/open.spotify.com\/embed\/show\/6qYk5uYNWeZzEcXLDb2DTt\/video?utm_source=oembed\"><\/iframe><\/p>\n<p>A seguir, o discurso, na \u00edntegra, publicado no Di\u00e1rio do Congresso Nacional, em 20 de abril de 1983:<\/p>\n<p>O SR. M\u00c1RIO JURUNA (PDT &#8211; RJ. Sem revis\u00e3o do orador.) &#8211; Sr. Presidente, \u00e9 hoje a nossa semana, a Semana do \u00cdndio, foi votada do Presidente Vargas, que se lembrou para poder deixar a semana do \u00edndio no escrito pra n\u00f3s. foi muito bonito semana do gente, \u00e9 muito bacana, como acontece pra semana do trabalhador, como acontece com a semana do metal\u00fargico. Ent\u00e3o, por que n\u00e3o tem uma semana do \u00edndio? Ent\u00e3o, precisa que n\u00f3s vamos conservar essa semana da gente. Segundo, eu quero apresentar exemplo com minha candidatura, mesmo, porque hoje j\u00e1 podia ter Deputado \u00edndio antes 400 anos e podia ter \u00edndio aqui h\u00e1 1.500 anos pra tr\u00e1s. Podia ter Deputado aqui no Brasil mas n\u00f3s n\u00e3o somos culpados. Quem \u00e9 culpado, \u00e9 respons\u00e1vel do Brasil \u00e9 essa pessoa que n\u00e3o d\u00e1 oportunidade pra \u00edndio. \u00c9 por isso que n\u00f3s s\u00f3 aprende, s\u00f3 estuda s\u00f3 o prim\u00e1rio. S\u00f3 n\u00f3s que aprende o ABC, que n\u00f3s aprendemos o chamando que casa boa. Ent\u00e3o, \u00e9 isso que n\u00f3s n\u00e3o queremos.<\/p>\n<p>Ent\u00e3o, primeiro eu quero falar em nome do companheiro trabalhador, porque voc\u00eas \u00e9 a mesma coisa como \u00edndio, \u00e9 a mesma coisa como posseiro, \u00e9 a mesma coisa como lavrador e \u00e9 a mesma coisa como a tribo. Esse pessoal que est\u00e1 l\u00e1 em cima, que a gente sofre repress\u00e3o da autoridade, esse pessoal, meus companheiros, \u00e9 todo pessoal o filho do empres\u00e1rio, o filho do Deputado, o filho do Senador. Esse resto que \u00e9 o pessoal que est\u00e1 l\u00e1 em cima \u00e9 pessoal filho de pobre e, por isso, eu quero considerar mais ainda esse pessoal que leva sacrif\u00edcio, pessoal que sofre muito mais que a gente que est\u00e1 vivendo muito bem aqui na C\u00e2mara Federal. (Palmas.) E muita gente que achava, quando eu entrei na pol\u00edtica, muita gente falava contra Juruna, falava: &#8220;Imagina, como que Juruna vai entrar no plen\u00e1rio, imagina, o \u00edndio, o que \u00e9 que vai resolver no plen\u00e1rio, imagina, como \u00e9 que \u00edndio vai representar \u00edndio?&#8221; E eu quero saber: imagina, o que \u00e9 que o branco pode? Talvez \u00edndio pode representar melhor do que qualquer Deputado, qualquer Senador e qualquer da Rep\u00fablica. (Palmas.) Juruna \u00e9 o primeiro \u00edndio que est\u00e1 representando brasileiro, porque o Governo brasileiro n\u00e3o d\u00e1 oportunidade pra \u00edndio, porque ele quer continuar tutelar toda vida \u00edndio. E n\u00f3s n\u00e3o somos tutelados, somos respons\u00e1veis, n\u00f3s somos gente, n\u00f3s somos ser humano. (Palmas.) Esse meu candidato muita vergonha para brasileiro que tem consci\u00eancia. Quem n\u00e3o tem consci\u00eancia, a gente me trata como objeto, agente me trata como boneca. E quando eu passo aqui dentro de plen\u00e1rio e alguns companheiros \u00e0 frente de mim e diz cara emburrada, \u00e9 rid\u00edculo.<\/p>\n<p>Eu n\u00e3o vim aqui fuxicar com ningu\u00e9m, eu vim aqui pra trabalhar, pra defender povo, eu vim aqui pra lutar, eu vim aqui pra conseguir barreira (Palmas.) Eu quero que gente come\u00e7a a respeitar nome de Juruna. Eu quero que gente trata \u00edndio brasileiro o mais poss\u00edvel dentro do melhor. Porque at\u00e9 hoje o companheiro, o Agnaldo Tim\u00f3teo, a gente falava contra ele: Como \u00e9 que cantor tem direito pra ser Deputado? Como \u00e9 que Agnaldo, cantor, tem direito pra ser Deputado? Como \u00e9 que o negro tem direito pra ser Deputado como o branco tem direito? N\u00f3s tamb\u00e9m tem direito, tem capacidade e n\u00f3s tamb\u00e9m tem capacidade para assumir. (Palmas.) Cada um de n\u00f3s tem consci\u00eancia e cada um de n\u00f3s tem capacidade. Ningu\u00e9m tem menos capacidade.<\/p>\n<p>Todos n\u00f3s tem capacidade e todos n\u00f3s t\u00eam intelig\u00eancia e todos n\u00f3s tem a vontade para assumir onde quer que existe poder. Eu acho esse j\u00e1 \u00e9 fruto est\u00e1 nascendo aqui dentro do Brasil, esse j\u00e1 \u00e9 sinal que est\u00e1 nascendo aqui dentro do plen\u00e1rio. \u00danico \u00edndio que t\u00e1 falando hoje, \u00fanico. Deputado t\u00e1 falando hoje: n\u00e3o \u00e9 terceiro, n\u00e3o \u00e9 quinto deputado, n\u00e3o \u00e9 cinquenta Deputado. Se tiver ao menos mais cinquenta Juruna, o Juruna j\u00e1 tinha mudado o Brasil, vira a mesa. (Palmas.) Esse dia, a semana passada, que o Presidente da Rep\u00fablica tava fazendo provoca\u00e7\u00e3o contra Juruna t\u00e1 provocando para ele mesmo. Como ele tem coragem para dizer aqui dentro do plen\u00e1rio que ele t\u00e1 furando a lei do plen\u00e1rio? Ele tem que respeitar a lei do plen\u00e1rio. N\u00e3o \u00e9 Presidente que cria a Lei de Seguran\u00e7a. Esse Presidente foi eleito uma pessoa, ele foi indicado uma pessoa, ele tem de reconhecer isso: o Juruna foi eleito por carioca. (Palmas.)<\/p>\n<p>Agora, como que este Presidente foi indicado por uma pessoa c qualquer um Ministro indicado por uma pessoa, como \u00e9 que tem coragem para dizer que homem que ganhou por noventa e uma pessoa. Eu n\u00e3o admiti e qualquer Presidente da Rep\u00fablica n\u00e3o pode ter coragem para dizer contra companheiro e qualquer um de n\u00f3s. O Presidente precisa respeitar o candidato Deputado. Agora, tamb\u00e9m a FUNAI \u00e9 irm\u00e3 do Presidente, filho do Presidente; esses funcion\u00e1rios p\u00fablicos e todos os milicos, filhos do Presidente. (Palmas.) Este pessoal, este Presidente deve tomar conta do funcion\u00e1rio p\u00fablico onde que gente recebe repress\u00e3o, onde gente est\u00e1 passando fome, onde tem gente que est\u00e1 precisando ajuda do Governo Federal. N\u00e3o \u00e9 candidato, n\u00e3o. Ele podia preocupar mais com problema da mis\u00e9ria no Brasil, n\u00e3o com o juruna. (Palmas.)<\/p>\n<p>Olha, minha gente, eu quero pedir favor a voc\u00eas tamb\u00e9m, companheiros. Eu tenho muito respeito a povo que fica em p\u00e9 em liberdade, que fica sentado em liberdade. Aqui n\u00e3o \u00e9 obrigado que a gente chama aten\u00e7\u00e3o do outro, porque temos que respeitar os outros. (Palmas.) Agora, o problema da Funda\u00e7\u00e3o Nacional do \u00cdndio. N\u00f3s estamos tutelados pela FUNAI e somos considerados como crian\u00e7a e somos menores da crian\u00e7a e FUNAI \u00e9 papaizinho e FUNAI \u00e9 padrasto do \u00edndio. Agora, como \u00e9 que a FUNAI est\u00e1 deixando \u00edndio morrendo de fome, como \u00e9 que FUNAI est\u00e1 deixando a terra para fazendeiro, como FUNAI n\u00e3o assume estatuto ao lado do \u00edndio? Onde est\u00e1 o Estatuto do \u00cdndio. Onde est\u00e1 a lei do Estatuto do \u00cdndio e por que n\u00e3o pode criar outro estatuto?<\/p>\n<p>O estatuto repress\u00e3o \u00e9 contra \u00edndio, estatuto \u00e9 chamado por Estatuto da Funda\u00e7\u00e3o Nacional Militar. Tem que mudar tudo isso. \u00c9 militar que est\u00e1 contra \u00edndio, \u00e9 FUNAI que est\u00e1 contra \u00edndio, n\u00e3o \u00e9 posseiro e n\u00e3o \u00e9 fazendeiro (Palmas) e FUNAI est\u00e1 matando \u00edndio, acabando \u00edndio. A gente que estuda bastante, cria projeto mais r\u00e1pido, a gente quer resolver projeto em 4 anos, porque 4 anos \u00e9 r\u00e1pido. Projeto tem que ser aprovado todo dia; de manh\u00e3, de tarde, projeto anda mais pra frente, n\u00e3o precisa ficar na gaveta. Ningu\u00e9m pode estudar com projeto, porque projeto \u00e9 f\u00e1cil para resolver. S\u00f3 falta capacidade, que a gente assume, para poder aprovar projeto. Por que o Brasil est\u00e1 na mis\u00e9ria? Por que o Brasil est\u00e1 na infla\u00e7\u00e3o? Por que o Brasil est\u00e1 na fome? Porque aqui n\u00e3o tem homem de capacidade, porque aqui Governo brasileiro \u00e9 comprometido (Palmas.)<\/p>\n<p>Quem quer ser homem que pensa com brasileiro, quem quer ser homem eleito com povo n\u00e3o precisa ter homem no Governo Federal, Governo da Rep\u00fablica n\u00e3o pode ser indicado por uma pessoa. Presidente da Rep\u00fablica tem que ser mais votado com povo brasileiro (Palmas.) At\u00e9 eu me lembro muito bem que antes de 64 Brasil tinha muito ouro, era muito sagrado e hoje Brasil n\u00e3o tem mais muito ouro n\u00e3o. Est\u00e1 estragado. O Brasil n\u00e3o tem mais ouro. Quem est\u00e1 estragando o Brasil \u00e9 o pr\u00f3prio Governo Federal, \u00e9 este Presidente da Rep\u00fablica que est\u00e1 estragando nosso Brasil, junto com Delfim, esse respons\u00e1vel pelo Brasil. (Muito bem! Palmas.)<\/p>\n<p>Gostaria tamb\u00e9m de deixar liberdade a qualquer pessoa ou Deputado. Como eu sempre disse, tenho grande respeito aos companheiros. Quem quiser poder falar. Quem est\u00e1 falando na mesa \u00e9 Juruna. Ent\u00e3o, eu gostaria de ouvir todo mundo, cada um dar opini\u00f5es. Aprendi com voc\u00eas e voc\u00eas querem aprender comigo. V. Ex&#8217; est\u00e1 falando sobre o Projeto. O Ministro do Interior tem obriga\u00e7\u00e3o de apresentar para mim projeto aonde est\u00e1 criando projeto, que local, aonde vai fazer a moradia para \u00edndio, que local. Quero que e1e explica para mim. Quero que ele apresenta projeto do \u00edndio, isto \u00e9 que \u00e9 importante, porque eu, aqui dentro do plen\u00e1rio, n\u00e3o quero que gente esconde o projeto. E atrav\u00e9s do Deputado Juruna quero acompanhar todo o projeto, aonde o Governo vai aplicar dinheiro, onde o Governo vai fazer moradia para \u00edndio (Palmas.) Quero assumir tamb\u00e9m compromisso com autoridade. Eu n\u00e3o quero que gente s\u00f3 bate-papo, eu n\u00e3o quero que gente apresente projeto sem aprovar nada. (Palmas.)<\/p>\n<p>Como eu j\u00e1 disse, quero falar problema do Brizola. At\u00e9 todo mundo &#8211; n\u00e3o \u00e9 todo mundo &#8211; at\u00e9 milico que \u00e9 contra Brizola. Agora, o Brizola \u00e9 homem, foi cassado, como acontece com o \u00edndio, e por isso apoio Brizola e por isso eu quero dar liberdade para Brizola, porque, como acontece como posseiro, como acontece com o \u00cdndio, o Brizola foi expulso do Brasil, sem necessidade. E por que o Governo n\u00e3o expulsa outro agora? Expulsa todo o Minist\u00e9rio, tira todo o Minist\u00e9rio! (Palmas.) bota na rua todo mundo! (Palmas) &#8211; Se o Governo Federal, ele tem capacidade, ao lado do povo, se o Governo Federal assume, como homem, tira meia d\u00fazia de Ministro que atrapalha o nosso Brasil. Tirava meia d\u00fazia, o Presidente da Rep\u00fablica. qualquer um de n\u00f3s apoiava ele. N\u00f3s apoiamos o Presidente da Rep\u00fablica e n\u00f3s levava para crescer mais ainda o nome dele. Desse jeito, ningu\u00e9m vai apoiar o Presidente. Ningu\u00e9m pode apoiar sujeira. Eu mesmo n\u00e3o pode apoiar sujeira (Palmas.) porque eu quero que o Presidente muda o nosso Brasil. Porque o Presidente \u00e9, respons\u00e1vel da Na\u00e7\u00e3o, o Presidente \u00e9 ju\u00edzo do povo, o Presidente \u00e9 o pai do povo, O pai do Brasil. Agora, como est\u00e1 hoje, o Presidente \u00e9 o pai do povo? N\u00e3o existe pai do povo. n\u00e3o. Aqui n\u00e3o tem pai do povo, n\u00e3o. (Palmas.) \u00c9 por isso que gente est\u00e1 passando fome e por isto gente que vive com infla\u00e7\u00e3o e por isto que povo est\u00e1 passando necessidade, porque o Presidente n\u00e3o \u00e9 do povo. O Presidente foi eleito com empres\u00e1rio, Presidente foi compromisso com multinacional, com fazendeiro, com empres\u00e1rio e grande empres\u00e1rio. E do pobrezinho n\u00e3o tem povo, n\u00e3o. N\u00e3o tem gente. n\u00e3o. Se Presidente pai do Brasil Presidente segurava toda barra que est\u00e1 acontecendo no Brasil. E aqui gente t\u00e1 morrendo. E por qu\u00ea? Porque n\u00e3o tem Presidente, n\u00e3o tem autoridade. E toda autoridade \u00e9 comprada, toda autoridade est\u00e1-se vendendo, quer o dinheiro, quer ganhar dinheiro. (Palmas.)<\/p>\n<p>Eu quero que voc\u00eas, companheiros, saibam que eu n\u00e3o tou falando, n\u00e3o sou Presidente da Rep\u00fablica, n\u00e3o. Cada um de voc\u00eas deve pensar: ser\u00e1 isto n\u00e3o presta&#8217;? Ser\u00e1 s\u00f3 o Presidente que presta? Ser\u00e1 que o Presidente n\u00e3o presta? Eu tamb\u00e9m n\u00e3o presto? Cada um de voc\u00eas, companheiro, deve pensar, n\u00e3o \u00ea s\u00f3 Presidente. Defeito: \u00e0s vezes, Presidente \u00ea bom e assessor diretor, quem engana o Presidente, assessor que n\u00e3o leva verdade para Presidente. Por isto que Presidente passa mal assessorado. Se tiver assessor bom, se tiver diretor bom que levava recomenda\u00e7\u00e3o do povo, eu acredito que Presidente atendia pedido do povo. Por isto, companheiros, quero recomendar voc\u00eas, porque n\u00f3s, a gente est\u00e1 querendo fazer elei\u00e7\u00e3o direta, elei\u00e7\u00e3o do povo, elei\u00e7\u00e3o livre, elei\u00e7\u00e3o de liberdade. O Governo brasileiro fica, deixa dire\u00e7\u00e3o. Porque essa liberdade do povo, e cada um povo vai assumir compromisso dele, onde povo vai votar. Ent\u00e3o, o Presidente, ele n\u00e3o pode furar qualquer consci\u00eancia do povo, e por isso eu apoio povo brasileiro. Ent\u00e3o, como sou homem do povo, sou homem de campo, sou homem que fui criado do mato, fui criado no sert\u00e3o, quando me criei n\u00e3o encontrei nem um branco, n\u00e3o encontrei nem um avi\u00e3o, nem autom\u00f3vel, nem estrada; onde me criei era sert\u00e3o, eu s\u00f3 escutava canto do passarinho, e hoje eu encontro muito press\u00e3o contra \u00edndio, e invasor e, estrada. O chefe do transporte quer fazer estrada, quer tirar reserva do \u00edndio, quer acabar terra do \u00edndio. A gente est\u00e1 recebendo muita press\u00e3o. Ent\u00e3o, a gente quer acabar com isso, e n\u00f3s n\u00e3o podemos prender. Esse que acontece da repress\u00e3o diante da gente.<\/p>\n<p>Eu quero os companheiros e V. Ex&#8217;, Sr. Presidente, vamos pensar direito. Quem vai ser Presidente da Rep\u00fablica? Ser\u00e1 voc\u00eas cada um do voc\u00ea, Sr. Deputado? Voc\u00ea n\u00e3o vai vender seu consci\u00eancia? Ser\u00e1 voc\u00ea n\u00e3o vai se enganado? Eu acha que gente pode indicar sem ser comprometido. A gente n\u00e3o tem que ver com estrangeiro, a gente brasileira que quer assumir independente. O brasileiro tem capacidade. (Palmas.) Por que brasileiro n\u00e3o assume sozinho? Governo brasileiro vai viver \u00e0 custa do estrangeiro? O estrangeiro \u00e9 o mandador pra brasileiro, e o Governo \u00e9 recebedor do estrangeiro e n\u00e3o est\u00e1 lembrando o nosso povo; n\u00e3o quer lembrar o nosso povo. Por isso n\u00e3o aceito o macaco velho, n\u00e3o aceita o saco velho mesma farinha. Banana foi plantada ano passado, n\u00e3o vai dar mais fruta. Que adianta que n\u00f3s vamos conservar, que a gente plantou a banana, no ano atrasado, tr\u00eas anos passados? Depois, n\u00e3o vai dar mais cacho. O que adianta, o que n\u00f3s vamos querer macaco velho? Esse pessoal n\u00e3o sabe mais trabalhar, n\u00e3o sabe mais atender pessoas, esse pessoal tem que ser aposentado cuidar da aposentadoria em casa. O coronel, militar, ele tem que voltar para o quartel, onde existe o lugar dele. N\u00e3o \u00e9 para tomar o dinheiro do civil, n\u00e3o \u00e9 para tomar a liberdade do civil. Quem est\u00e1 trazendo infla\u00e7\u00e3o e a fome \u00e9 o pr\u00f3prio Governo Federal, os militares, Pol\u00edcia Federal, Governo do Estado, Governo do Regional, esse pessoal que est\u00e1 trazendo a mis\u00e9ria para o povo brasileiro. E por isso, durante o meu mandato, n\u00e3o admito que povo passe necessidade. Quero pedir a ajuda de voc\u00eas, companheiros de cada Partido: do PDT, PMDB, PDS. Quero que voc\u00eas pensem juntos. Vamos pensar juntos e mudar o regime do Brasil. N\u00f3s vamos mudar a nossa mentalidade. Vamos buscar a nossa inspira\u00e7\u00e3o e vamos assumir mais ainda. N\u00f3s n\u00e3o podemos praticar a sujeira que acontece diante de n\u00f3s. N\u00f3s podemos virar o nosso Brasil c n\u00f3s podemos virar a mesa-redonda e vamos mudar a casa e vamos pegar vassoura e vamos levar sabonete para o terreiro. Eu mesmo n\u00e3o aceito mais que o Governo assume. Eu n\u00e3o aceito mais.<\/p>\n<p>Ora, esse projeto n\u00e3o vou ler. Quero apresentar pra V. Ex\u00aa pra mudar esse Regimento da FUNAI pra poder ter Conselho Ind\u00edgena trabalhar na FUNAI, criar a Funda\u00e7\u00e3o do \u00cdndio. N\u00e3o \u00e9 Funda\u00e7\u00e3o Nacional do \u00cdndio, Funda\u00e7\u00e3o do \u00cdndio. Quem vai administrar a FUNAI \u00e9 \u00edndio, n\u00e3o \u00ea pessoa aposentado, n\u00e3o \u00e9 pessoa reservado. (Palmas.) Sr. Presidente, eu j\u00e1 vou deixar Mesa. Quero encomendar a companheiros c V. Ex\u00aa que eu tenho encaminhado projeto Comiss\u00e3o do \u00cdndio. Quero que voc\u00eas ajuda. N\u00e3o vai ajudar interesse de mim, n\u00e3o. Vamos ajudar a comunidade ind\u00edgena e vamos criar o projeto que v\u00e1 atender comunidade brasileira. Ent\u00e3o ele n\u00e3o chama brasileiro, ele n\u00e3o chama ser humano, ele n\u00e3o chama mesmo natureza. A gente n\u00e3o pode ser melhor que outros. E n\u00f3s vamos ver todo mundo igual, como quando eu tive na Holanda, \u00e9 pa\u00eds pequeno, todo holand\u00eas vive igual. Aqui Brasil \u00e9 muito grande e muita gente t\u00e1 precisando da terra. Aqui, eu quero pedir V. Ex\u00aa, Presidente, vamos pensar juntos, vamos reformar a nossa Brasil, viu? Vamos dividir, terra \u00e9 para posseiro, \u00e9 terra para fazendeiro, \u00e9 terra para \u00edndio, vamos dividir a nossa terra. Muito obrigado todos voc\u00eas, companheiros. (Palmas prolongadas!)<\/p>\n<!-- AddThis Advanced Settings generic via filter on the_content --><!-- AddThis Share Buttons generic via filter on the_content -->","protected":false},"excerpt":{"rendered":"<p>\u201cSe tiver ao menos mais cinquenta Juruna, o Juruna j\u00e1 tinha mudado o Brasil. Vira a mesa.\u201d Em um discurso hist\u00f3rico na tribuna da C\u00e2mara dos Deputados,\u00a0 primeiro parlamentar ind\u00edgena do Brasil, marcou o Dia do \u00cdndio, em 19 de abril de 1983. Com marcos como esse,M\u00e1rio Juruna, o cacique Xavante, que nesta quinta-feira (3)&#8230;<!-- AddThis Advanced Settings generic via filter on wp_trim_excerpt --><!-- AddThis Share Buttons generic via filter on wp_trim_excerpt --><\/p>\n","protected":false},"author":17,"featured_media":73528,"comment_status":"closed","ping_status":"closed","sticky":false,"template":"","format":"standard","meta":{"_monsterinsights_skip_tracking":false,"_monsterinsights_sitenote_active":false,"_monsterinsights_sitenote_note":"","_monsterinsights_sitenote_category":0,"_uf_show_specific_survey":0,"_uf_disable_surveys":false,"footnotes":""},"categories":[3328,976],"tags":[3963,3140,3734,1526,3966,1043,565,1533,3965,3964],"class_list":["post-73527","post","type-post","status-publish","format-standard","has-post-thumbnail","hentry","category-flb-ap","category-noticias-em-destaque","tag-cacique-xavante","tag-centro-de-memoria-trabalhista","tag-cmt","tag-congresso-nacional","tag-desde-barra-do-garcas-mt","tag-ditadura-militar","tag-leonel-brizola","tag-mario-juruna","tag-podcast-do-cmt","tag-voz-da-verdade"],"acf":[],"_links":{"self":[{"href":"https:\/\/pdt-rj.org.br\/index.php\/wp-json\/wp\/v2\/posts\/73527","targetHints":{"allow":["GET"]}}],"collection":[{"href":"https:\/\/pdt-rj.org.br\/index.php\/wp-json\/wp\/v2\/posts"}],"about":[{"href":"https:\/\/pdt-rj.org.br\/index.php\/wp-json\/wp\/v2\/types\/post"}],"author":[{"embeddable":true,"href":"https:\/\/pdt-rj.org.br\/index.php\/wp-json\/wp\/v2\/users\/17"}],"replies":[{"embeddable":true,"href":"https:\/\/pdt-rj.org.br\/index.php\/wp-json\/wp\/v2\/comments?post=73527"}],"version-history":[{"count":8,"href":"https:\/\/pdt-rj.org.br\/index.php\/wp-json\/wp\/v2\/posts\/73527\/revisions"}],"predecessor-version":[{"id":73539,"href":"https:\/\/pdt-rj.org.br\/index.php\/wp-json\/wp\/v2\/posts\/73527\/revisions\/73539"}],"wp:featuredmedia":[{"embeddable":true,"href":"https:\/\/pdt-rj.org.br\/index.php\/wp-json\/wp\/v2\/media\/73528"}],"wp:attachment":[{"href":"https:\/\/pdt-rj.org.br\/index.php\/wp-json\/wp\/v2\/media?parent=73527"}],"wp:term":[{"taxonomy":"category","embeddable":true,"href":"https:\/\/pdt-rj.org.br\/index.php\/wp-json\/wp\/v2\/categories?post=73527"},{"taxonomy":"post_tag","embeddable":true,"href":"https:\/\/pdt-rj.org.br\/index.php\/wp-json\/wp\/v2\/tags?post=73527"}],"curies":[{"name":"wp","href":"https:\/\/api.w.org\/{rel}","templated":true}]}}