{"id":73513,"date":"2020-09-03T17:29:29","date_gmt":"2020-09-03T20:29:29","guid":{"rendered":"http:\/\/pdt-rj.org.br\/?p=73513"},"modified":"2020-09-05T15:16:47","modified_gmt":"2020-09-05T18:16:47","slug":"mario-juruna-maior-protagonista-na-luta-por-direitos-indigenas-no-brasil","status":"publish","type":"post","link":"https:\/\/pdt-rj.org.br\/index.php\/mario-juruna-maior-protagonista-na-luta-por-direitos-indigenas-no-brasil\/","title":{"rendered":"M\u00e1rio Juruna: maior protagonista na luta pelos direitos ind\u00edgenas no Brasil"},"content":{"rendered":"<p>Em sua brava e corajosa luta pelos direitos dos povos ind\u00edgenas, M\u00e1rio Juruna, que hoje (03) completaria 77 anos, foi o primeiro \u00edndio a ocupar uma cadeira no parlamento brasileiro. Com mais de 31 mil votos, foi eleito como deputado federal pelo PDT do Rio de Janeiro, em 1982.<\/p>\n<p>De origem Xavante,\u00a0 grande parte localizada no estado do Mato Grosso, Juruna se tornou cacique da tribo aos 17 anos. Teve seu primeiro contato com o homem branco em 1958. Toda a sua trajet\u00f3ria foi fundamentada na luta em defesa das terras e do povo ind\u00edgena.<\/p>\n<p>\u201cSou homem do povo, sou homem de campo, quando me criei n\u00e3o encontrei nem um branco, n\u00e3o encontrei nem um avi\u00e3o, nem autom\u00f3vel, nem estrada; onde me criei era sert\u00e3o, eu s\u00f3 escutava canto do passarinho, e hoje eu encontro muito press\u00e3o contra \u00edndio, e invasor, e estrada. A gente est\u00e1 recebendo muita press\u00e3o\u201d, afirmou M\u00e1rio Juruna em seu mais famoso discurso na C\u00e2mara Federal.<\/p>\n<p>Juruna ficou conhecido como combativo e questionador. N\u00e3o confiava na palavra do homem branco e por isso, sempre carregava com ele um gravador port\u00e1til, que registrava todas as conversas com autoridades e denunciava quando os pol\u00edticos n\u00e3o cumpriam o que era prometido ao povo ind\u00edgena.<\/p>\n<p>O cacique tamb\u00e9m foi o respons\u00e1vel por levar a conhecimento de todo Pa\u00eds a atual situa\u00e7\u00e3o em que o povo ind\u00edgena vivia, denunciando os abusos sofridos.<\/p>\n<p>Em 23 de mar\u00e7o de 1983, Juruna criou a Comiss\u00e3o Permanente do \u00cdndio no Congresso Nacional \u2013 o que seria um in\u00edcio da atual Comiss\u00e3o dos Direitos Humanos e Minorias da C\u00e2mara \u2013 al\u00e9m de atuar junto as comunidades e institui\u00e7\u00f5es de prote\u00e7\u00e3o dos povos ind\u00edgenas do Brasil.<\/p>\n<p>Ao final da sua hist\u00f3rica fala, e ao mesmo tempo muito atual, o deputado federal M\u00e1rio Juruna faz um apelo ao presidente da C\u00e2mara da \u00e9poca. \u201cAqui eu quero pedir a V.Excia., presidente, vamos pensar juntos, vamos reformar o nosso Brasil, viu? Vamos dividir, terra \u00e9 para posseiro, \u00e9 terra para fazendeiro, \u00e9 terra para \u00edndio, vamos dividir a nossa terra\u201d, finalizou o cacique.<\/p>\n<!-- AddThis Advanced Settings generic via filter on the_content --><!-- AddThis Share Buttons generic via filter on the_content -->","protected":false},"excerpt":{"rendered":"<p>Em sua brava e corajosa luta pelos direitos dos povos ind\u00edgenas, M\u00e1rio Juruna, que hoje (03) completaria 77 anos, foi o primeiro \u00edndio a ocupar uma cadeira no parlamento brasileiro. Com mais de 31 mil votos, foi eleito como deputado federal pelo PDT do Rio de Janeiro, em 1982. De origem Xavante,\u00a0 grande parte localizada&#8230;<!-- AddThis Advanced Settings generic via filter on wp_trim_excerpt --><!-- AddThis Share Buttons generic via filter on wp_trim_excerpt --><\/p>\n","protected":false},"author":17,"featured_media":73515,"comment_status":"closed","ping_status":"closed","sticky":false,"template":"","format":"standard","meta":{"_monsterinsights_skip_tracking":false,"_monsterinsights_sitenote_active":false,"_monsterinsights_sitenote_note":"","_monsterinsights_sitenote_category":0,"_uf_show_specific_survey":0,"_uf_disable_surveys":false,"footnotes":""},"categories":[976],"tags":[3961,1533,3962,3960],"class_list":["post-73513","post","type-post","status-publish","format-standard","has-post-thumbnail","hentry","category-noticias-em-destaque","tag-direitos-indigenas","tag-mario-juruna","tag-povo-indigena","tag-primeiro-deputado-indio"],"acf":[],"_links":{"self":[{"href":"https:\/\/pdt-rj.org.br\/index.php\/wp-json\/wp\/v2\/posts\/73513","targetHints":{"allow":["GET"]}}],"collection":[{"href":"https:\/\/pdt-rj.org.br\/index.php\/wp-json\/wp\/v2\/posts"}],"about":[{"href":"https:\/\/pdt-rj.org.br\/index.php\/wp-json\/wp\/v2\/types\/post"}],"author":[{"embeddable":true,"href":"https:\/\/pdt-rj.org.br\/index.php\/wp-json\/wp\/v2\/users\/17"}],"replies":[{"embeddable":true,"href":"https:\/\/pdt-rj.org.br\/index.php\/wp-json\/wp\/v2\/comments?post=73513"}],"version-history":[{"count":13,"href":"https:\/\/pdt-rj.org.br\/index.php\/wp-json\/wp\/v2\/posts\/73513\/revisions"}],"predecessor-version":[{"id":73580,"href":"https:\/\/pdt-rj.org.br\/index.php\/wp-json\/wp\/v2\/posts\/73513\/revisions\/73580"}],"wp:featuredmedia":[{"embeddable":true,"href":"https:\/\/pdt-rj.org.br\/index.php\/wp-json\/wp\/v2\/media\/73515"}],"wp:attachment":[{"href":"https:\/\/pdt-rj.org.br\/index.php\/wp-json\/wp\/v2\/media?parent=73513"}],"wp:term":[{"taxonomy":"category","embeddable":true,"href":"https:\/\/pdt-rj.org.br\/index.php\/wp-json\/wp\/v2\/categories?post=73513"},{"taxonomy":"post_tag","embeddable":true,"href":"https:\/\/pdt-rj.org.br\/index.php\/wp-json\/wp\/v2\/tags?post=73513"}],"curies":[{"name":"wp","href":"https:\/\/api.w.org\/{rel}","templated":true}]}}