{"id":73469,"date":"2020-09-02T16:50:12","date_gmt":"2020-09-02T19:50:12","guid":{"rendered":"http:\/\/pdt-rj.org.br\/?p=73469"},"modified":"2020-09-02T17:33:35","modified_gmt":"2020-09-02T20:33:35","slug":"fundacoes-lancam-manifesto-em-defesa-da-vida-da-democracia-e-do-emprego","status":"publish","type":"post","link":"https:\/\/pdt-rj.org.br\/index.php\/fundacoes-lancam-manifesto-em-defesa-da-vida-da-democracia-e-do-emprego\/","title":{"rendered":"Funda\u00e7\u00f5es lan\u00e7am manifesto em defesa da vida, da democracia e do emprego"},"content":{"rendered":"<p class=\"yiv9307094381MsoNormal\"><strong><em>Documento \u00e9 mais um desdobramento do Observat\u00f3rio da Democracia, que re\u00fane o PDT e mais cinco partidos<\/em><\/strong><\/p>\n<p class=\"yiv9307094381MsoNormal\">\u201cContribuir com a unifica\u00e7\u00e3o de todos os verdadeiramente comprometidos com a defesa da vida, da democracia e do emprego\u201d. Por esse caminho, a Funda\u00e7\u00e3o Leonel Brizola \u2013 Alberto Pasqualini (FLB-AP), do PDT, participou, nesta quarta-feira (2), do lan\u00e7amento virtual do manifesto suprapartid\u00e1rio <a href=\"http:\/\/pdt-rj.org.br\/wp-content\/uploads\/2020\/09\/Observat\u00f3rio-da-Democracia-Em-defesa-da-Vida-da-Democracia-e-do-Emprego.pdf\">\u201cEm defesa da Vida, da Democracia e do Emprego\u201d<\/a>. O documento foi produzido em conjunto com outras seis organiza\u00e7\u00f5es do campo progressista.<\/p>\n<p class=\"yiv9307094381MsoNormal\">Integrantes do Observat\u00f3rio da Democracia, tamb\u00e9m assinaram o manifesto, que aborda tem\u00e1ticas humanas, sociais e econ\u00f4micas do Brasil: Jo\u00e3o Mangabeira, do PSB, Maur\u00edcio Grabois e Cl\u00e1udio Campos, do PCdoB, Lauro Campos\/Marielle Franco, do PSOL, Perseu Abramo, do PT, e Ordem Social, do PROS.<\/p>\n<p class=\"yiv9307094381MsoNormal\">Com o pa\u00eds em recess\u00e3o e envolvido em projetos de reformas que alteram direitos e garantias hist\u00f3ricas, a iniciativa busca propor uma s\u00e9rie de medidas combinadas para recolocar o pa\u00eds no caminho do desenvolvimento econ\u00f4mico e da justi\u00e7a social, ao passo que considera os preju\u00edzos causados pela pandemia do Covid-19 e pelo governo liderado por Jair Bolsonaro.<\/p>\n<p class=\"yiv9307094381MsoNormal\">\u201cNossos partidos e amplas for\u00e7as democr\u00e1ticas do pa\u00eds j\u00e1 apresentaram 46 pedidos de impeachment, ao Congresso Nacional, pelos in\u00fameros crimes de responsabilidade praticados pelo presidente Bolsonaro. No entanto, n\u00e3o somos uma oposi\u00e7\u00e3o de quanto pior melhor; nossos partidos representam uma longa hist\u00f3ria de lutas e a\u00e7\u00f5es, procurando defender a melhoria da vida do povo e os interesses do Brasil\u201d, ressalta a proposta, que pode ser acessada, na \u00edntegra, aqui.<\/p>\n<p class=\"yiv9307094381MsoNormal\">Ao citar n\u00fameros da crise brasileira e indicar a necessidade de a\u00e7\u00f5es estruturantes, como o Projeto Nacional de Desenvolvimento (PND), liderado por Ciro Gomes, o presidente da FLB-AP e secret\u00e1rio-geral nacional do PDT, Manoel Dias, valorizou a integra\u00e7\u00e3o das organiza\u00e7\u00f5es partid\u00e1rias em prol da democracia, liberdade e a soberania nacional.<\/p>\n<p class=\"yiv9307094381MsoNormal\">\u201cSeguimos lutando para que o Estado mantenha os investimentos p\u00fablicos em paralelo ao necess\u00e1rio isolamento social, pois n\u00e3o existe, ainda, vacina para o coronav\u00edrus. Lamentavelmente, o governo Bolsonaro faz justamente o oposto da ci\u00eancia e dos direitos humanos\u201d, critica Dias.<\/p>\n<p class=\"yiv9307094381MsoNormal\">\u201cPara que essa mobiliza\u00e7\u00e3o seja ampla e efetiva, precisamos alcan\u00e7ar a grande massa da popula\u00e7\u00e3o brasileira, que \u00e9 formada por mais de 60 milh\u00f5es de brasileiros invis\u00edveis n\u00e3o s\u00f3 para o governo, mas tamb\u00e9m para a elite\u201d, indica, ao completar: \u201cE para dar consci\u00eancia e for\u00e7a ao povo, o caminho \u00e9 a forma\u00e7\u00e3o e a nuclea\u00e7\u00e3o. pois s\u00f3 assim eles poder\u00e3o entender a raz\u00e3o das coisas.\u201d<\/p>\n<p class=\"yiv9307094381MsoNormal\">Al\u00e9m de Dias, o debate tamb\u00e9m contou com considera\u00e7\u00f5es de Alexandre Navarro, da Jo\u00e3o Mangabeira; Aloizio\u00a0Mercadante, da Perseu Abramo; Renato Rabelo, da Maur\u00edcio Grabois; Gast\u00e3o Vieira, da Ordem Social; Francis Mendes, da Lauro Campos\/Marielle Franco, e Nilson Ara\u00fajo, da Cl\u00e1udio Campos.<\/p>\n<p class=\"yiv9307094381MsoNormal\">Acompanhe, na \u00edntegra:<\/p>\n<p>https:\/\/www.facebook.com\/fundacaoleonelbrizola\/videos\/789780435137463<\/p>\n<!-- AddThis Advanced Settings generic via filter on the_content --><!-- AddThis Share Buttons generic via filter on the_content -->","protected":false},"excerpt":{"rendered":"<p>Documento \u00e9 mais um desdobramento do Observat\u00f3rio da Democracia, que re\u00fane o PDT e mais cinco partidos \u201cContribuir com a unifica\u00e7\u00e3o de todos os verdadeiramente comprometidos com a defesa da vida, da democracia e do emprego\u201d. Por esse caminho, a Funda\u00e7\u00e3o Leonel Brizola \u2013 Alberto Pasqualini (FLB-AP), do PDT, participou, nesta quarta-feira (2), do lan\u00e7amento&#8230;<!-- AddThis Advanced Settings generic via filter on wp_trim_excerpt --><!-- AddThis Share Buttons generic via filter on wp_trim_excerpt --><\/p>\n","protected":false},"author":17,"featured_media":73472,"comment_status":"closed","ping_status":"closed","sticky":false,"template":"","format":"standard","meta":{"_monsterinsights_skip_tracking":false,"_monsterinsights_sitenote_active":false,"_monsterinsights_sitenote_note":"","_monsterinsights_sitenote_category":0,"_uf_show_specific_survey":0,"_uf_disable_surveys":false,"footnotes":""},"categories":[975],"tags":[],"class_list":["post-73469","post","type-post","status-publish","format-standard","has-post-thumbnail","hentry","category-manchete"],"acf":[],"_links":{"self":[{"href":"https:\/\/pdt-rj.org.br\/index.php\/wp-json\/wp\/v2\/posts\/73469","targetHints":{"allow":["GET"]}}],"collection":[{"href":"https:\/\/pdt-rj.org.br\/index.php\/wp-json\/wp\/v2\/posts"}],"about":[{"href":"https:\/\/pdt-rj.org.br\/index.php\/wp-json\/wp\/v2\/types\/post"}],"author":[{"embeddable":true,"href":"https:\/\/pdt-rj.org.br\/index.php\/wp-json\/wp\/v2\/users\/17"}],"replies":[{"embeddable":true,"href":"https:\/\/pdt-rj.org.br\/index.php\/wp-json\/wp\/v2\/comments?post=73469"}],"version-history":[{"count":4,"href":"https:\/\/pdt-rj.org.br\/index.php\/wp-json\/wp\/v2\/posts\/73469\/revisions"}],"predecessor-version":[{"id":73476,"href":"https:\/\/pdt-rj.org.br\/index.php\/wp-json\/wp\/v2\/posts\/73469\/revisions\/73476"}],"wp:featuredmedia":[{"embeddable":true,"href":"https:\/\/pdt-rj.org.br\/index.php\/wp-json\/wp\/v2\/media\/73472"}],"wp:attachment":[{"href":"https:\/\/pdt-rj.org.br\/index.php\/wp-json\/wp\/v2\/media?parent=73469"}],"wp:term":[{"taxonomy":"category","embeddable":true,"href":"https:\/\/pdt-rj.org.br\/index.php\/wp-json\/wp\/v2\/categories?post=73469"},{"taxonomy":"post_tag","embeddable":true,"href":"https:\/\/pdt-rj.org.br\/index.php\/wp-json\/wp\/v2\/tags?post=73469"}],"curies":[{"name":"wp","href":"https:\/\/api.w.org\/{rel}","templated":true}]}}