{"id":73435,"date":"2020-09-01T15:05:30","date_gmt":"2020-09-01T18:05:30","guid":{"rendered":"http:\/\/pdt-rj.org.br\/?p=73435"},"modified":"2020-09-02T01:25:02","modified_gmt":"2020-09-02T04:25:02","slug":"em-convencao-municipal-pdt-oficializa-candidatura-de-axel-grael-a-prefeitura-de-niteroi-rj","status":"publish","type":"post","link":"https:\/\/pdt-rj.org.br\/index.php\/em-convencao-municipal-pdt-oficializa-candidatura-de-axel-grael-a-prefeitura-de-niteroi-rj\/","title":{"rendered":"Em Conven\u00e7\u00e3o Municipal, PDT oficializa candidatura de Axel Grael \u00e0 Prefeitura de Niter\u00f3i (RJ)"},"content":{"rendered":"<p>O PDT de Niter\u00f3i, munic\u00edpio do Rio de Janeiro, realizou nessa segunda-feira (31), a sua Conven\u00e7\u00e3o Municipal na qual oficializou a candidatura do engenheiro florestal e ambientalista Axel Grael \u00e0 Prefeitura da cidade. Por conta da pandemia, o evento teve a presen\u00e7a de poucos convidados, mas foi transmitido para centenas de pessoas que acompanharam o evento pela internet.<\/p>\n<p>A chapa tem como pr\u00e9-candidato a vice-prefeito o deputado e ex-presidente da C\u00e2mara Municipal, vereador Paulo Bagueira (SDD), nome que ser\u00e1 oficializado em conven\u00e7\u00e3o nesta ter\u00e7a-feira (1\/9), na sede do legislativo municipal, do partido Solidariedade.<\/p>\n<p>Logo na abertura de sua fala, Axel Grael falou sobre a sua participa\u00e7\u00e3o no governo do pedetista Rodrigo Neves e anunciou alguns de seus principais projetos caso seja eleito. Ele agradeceu a todos os 14 partidos que apoiam a sua candidatura pelo PDT e afirmou que a coliga\u00e7\u00e3o faz jus ao nome: \u2018Uni\u00e3o por Niter\u00f3i\u2019.<\/p>\n<p>\u201cAs conven\u00e7\u00f5es feitas a partir de hoje e amanh\u00e3 v\u00e3o confirmar essa alian\u00e7a pol\u00edtica em torno do projeto de Niter\u00f3i que foi estruturado e liderado pelo prefeito Rodrigo Neves at\u00e9 aqui\u201d, esclareceu Axel.<\/p>\n<p>Devido ao contexto da pandemia, Axel assegurou que a campanha eleitoral ser\u00e1 realizada com todos os cuidados e que far\u00e1 a\u00e7\u00f5es presenciais sempre que for poss\u00edvel e seguro.<\/p>\n<p>\u201cQueremos preservar nossos eleitores, nossa equipe e a n\u00f3s mesmos, cumprindo os protocolos, para que a gente possa justamente fazer isso da forma mais segura e eficiente\u201d, ressaltou o candidato.<\/p>\n<p>Em sua participa\u00e7\u00e3o, Rodrigo Neves falou sobre os sete anos e meio em que governa Niter\u00f3i, incluindo desde as primeiras dificuldades, ao assumir o cargo, at\u00e9 a execu\u00e7\u00e3o dos grandes projetos como a constru\u00e7\u00e3o da Transoce\u00e2nica e o t\u00fanel Charitas-Cafub\u00e1, passando pela constru\u00e7\u00e3o de escolas; amplia\u00e7\u00e3o do atendimento de sa\u00fade; incremento \u00e0 economia e avan\u00e7os em diversas \u00e1reas de atua\u00e7\u00e3o do governo e combate \u00e0 Covid-19.<\/p>\n<p>\u201cTenho sentimento de orgulho da miss\u00e3o que est\u00e1 sendo cumprida com \u00eaxito, pelo trabalho s\u00e9rio e dedicado que desenvolvi junto com toda nossa equipe para supera\u00e7\u00e3o dos enormes desafios que enfrentamos nesses quase oito anos\u201d, afirmou o prefeito.<\/p>\n<p>Na ocasi\u00e3o, participaram tamb\u00e9m do evento a secret\u00e1ria de Fazenda de Niter\u00f3i, Giovanna Victer, em nome dos demais secret\u00e1rios; o deputado estadual Waldeck Carneiro (PT) e o deputado federal Chico d\u2019Angelo.<\/p>\n<p>Est\u00e3o na base de apoio \u00e0 candidatura de Axel, do PDT, \u00a0os partidos Verde (PV) \u2013 do qual \u00e9 um dos fundadores no plano nacional; o \u00a0Partido dos Trabalhadores (PT), o Partido Socialista Brasileiro (PSB), o Partido Comunista do Brasil (PCdoB), o Avante, o Solidariedade, o Cidadania, os Progressistas, o Partido Liberal (PL), os Patriotas, a Rede Sustentabilidade, o Partido Trabalhista Brasileiro (PTB) e o Partido Progressista (PP).<\/p>\n<!-- AddThis Advanced Settings generic via filter on the_content --><!-- AddThis Share Buttons generic via filter on the_content -->","protected":false},"excerpt":{"rendered":"<p>O PDT de Niter\u00f3i, munic\u00edpio do Rio de Janeiro, realizou nessa segunda-feira (31), a sua Conven\u00e7\u00e3o Municipal na qual oficializou a candidatura do engenheiro florestal e ambientalista Axel Grael \u00e0 Prefeitura da cidade. Por conta da pandemia, o evento teve a presen\u00e7a de poucos convidados, mas foi transmitido para centenas de pessoas que acompanharam o&#8230;<!-- AddThis Advanced Settings generic via filter on wp_trim_excerpt --><!-- AddThis Share Buttons generic via filter on wp_trim_excerpt --><\/p>\n","protected":false},"author":17,"featured_media":73436,"comment_status":"closed","ping_status":"closed","sticky":false,"template":"","format":"standard","meta":{"_monsterinsights_skip_tracking":false,"_monsterinsights_sitenote_active":false,"_monsterinsights_sitenote_note":"","_monsterinsights_sitenote_category":0,"_uf_show_specific_survey":0,"_uf_disable_surveys":false,"footnotes":""},"categories":[1402,976],"tags":[3938,2463,3937,3939,3169,3940],"class_list":["post-73435","post","type-post","status-publish","format-standard","has-post-thumbnail","hentry","category-cidades","category-noticias-em-destaque","tag-candidatura-de-axel-grael","tag-niteroi-rj","tag-pdt-niteroi","tag-prefeitura-de-niteroi","tag-rodrigo-neves","tag-uniao-por-niteroi"],"acf":[],"_links":{"self":[{"href":"https:\/\/pdt-rj.org.br\/index.php\/wp-json\/wp\/v2\/posts\/73435","targetHints":{"allow":["GET"]}}],"collection":[{"href":"https:\/\/pdt-rj.org.br\/index.php\/wp-json\/wp\/v2\/posts"}],"about":[{"href":"https:\/\/pdt-rj.org.br\/index.php\/wp-json\/wp\/v2\/types\/post"}],"author":[{"embeddable":true,"href":"https:\/\/pdt-rj.org.br\/index.php\/wp-json\/wp\/v2\/users\/17"}],"replies":[{"embeddable":true,"href":"https:\/\/pdt-rj.org.br\/index.php\/wp-json\/wp\/v2\/comments?post=73435"}],"version-history":[{"count":8,"href":"https:\/\/pdt-rj.org.br\/index.php\/wp-json\/wp\/v2\/posts\/73435\/revisions"}],"predecessor-version":[{"id":73467,"href":"https:\/\/pdt-rj.org.br\/index.php\/wp-json\/wp\/v2\/posts\/73435\/revisions\/73467"}],"wp:featuredmedia":[{"embeddable":true,"href":"https:\/\/pdt-rj.org.br\/index.php\/wp-json\/wp\/v2\/media\/73436"}],"wp:attachment":[{"href":"https:\/\/pdt-rj.org.br\/index.php\/wp-json\/wp\/v2\/media?parent=73435"}],"wp:term":[{"taxonomy":"category","embeddable":true,"href":"https:\/\/pdt-rj.org.br\/index.php\/wp-json\/wp\/v2\/categories?post=73435"},{"taxonomy":"post_tag","embeddable":true,"href":"https:\/\/pdt-rj.org.br\/index.php\/wp-json\/wp\/v2\/tags?post=73435"}],"curies":[{"name":"wp","href":"https:\/\/api.w.org\/{rel}","templated":true}]}}