{"id":73402,"date":"2020-08-29T17:30:54","date_gmt":"2020-08-29T20:30:54","guid":{"rendered":"http:\/\/pdt-rj.org.br\/?p=73402"},"modified":"2020-09-02T22:53:24","modified_gmt":"2020-09-03T01:53:24","slug":"oposicao-propositiva","status":"publish","type":"post","link":"https:\/\/pdt-rj.org.br\/index.php\/oposicao-propositiva\/","title":{"rendered":"Oposi\u00e7\u00e3o propositiva"},"content":{"rendered":"<p>O deputado federal Andr\u00e9 Figueiredo foi o convidado do \u201cCaf\u00e9 com Lupi\u201d deste s\u00e1bado (29). Direto de Fortaleza (CE), o l\u00edder da Oposi\u00e7\u00e3o na C\u00e2mara falou sobre sua atua\u00e7\u00e3o parlamentar e o construtivo trabalho de oposi\u00e7\u00e3o que tem feito no Congresso, readequando projetos palacianos em favor do povo, como no caso do aux\u00edlio emergencial.<\/p>\n<p>Instigado por Lupi acerca das vit\u00f3rias recentes obtidas na C\u00e2mara, Andr\u00e9 falou sobre o novo Fundo Nacional de Desenvolvimento da Educa\u00e7\u00e3o B\u00e1sica (Fundeb), aprovado recentemente pelo Parlamento, com aumento de participa\u00e7\u00e3o do Executivo de 10% para 23% no financiamento da educa\u00e7\u00e3o b\u00e1sica.<\/p>\n<p>\u201cN\u00f3s aprovamos o Fundeb. Isso foi uma grande vit\u00f3ria do Parlamento brasileiro. E, l\u00f3gico, n\u00f3s do PDT temos a satisfa\u00e7\u00e3o de ter a Educa\u00e7\u00e3o como bandeira. [&#8230;] Brizola implantou o CIEPs no Rio de Janeiro, Darcy Ribeiro construiu um modelo herdado de An\u00edsio Teixeira das escolas parque, e a gente consegue construir esse modelo de educa\u00e7\u00e3o que \u00e9 refer\u00eancia para o PDT\u201d, explicou Figueiredo.<\/p>\n<p>O trabalho de oposi\u00e7\u00e3o \u00e9 uma constru\u00e7\u00e3o complexa e fundamental para que os interesses da popula\u00e7\u00e3o n\u00e3o sejam negligenciados. Al\u00e9m disso, depende da boa rela\u00e7\u00e3o entre diversos partidos. Sobre o assunto, Lupi questionou: \u201cN\u00e3o \u00e9 f\u00e1cil ser l\u00edder de Oposi\u00e7\u00e3o. Est\u00e1 l\u00e1 junto com a gente o PT, PCdoB, PSB, PSOL e a REDE. [&#8230;] Como \u00e9 ser l\u00edder de uma oposi\u00e7\u00e3o com projetos diferentes?\u201d.<\/p>\n<p>Em sua resposta, Andr\u00e9 argumenta que o trabalho tem rendido bons frutos e que, diante do atual governo, existe uma unidade entre os partidos para conter danos provocados por Bolsonaro. \u201cNesse momento \u00e9 indispens\u00e1vel que n\u00f3s que fazemos oposi\u00e7\u00e3o tenhamos de sair da caixinha. \u2018O governo manda um projeto e n\u00f3s vamos votar contra\u2019, n\u00e3o! N\u00f3s vamos mudar aquele projeto e dar o nosso tom, a gente vai fazer a nossa proposi\u00e7\u00e3o\u201d, afirmou.<\/p>\n<p>Um bom exemplo da oposi\u00e7\u00e3o propositiva liderada por Figueiredo \u00e9 o aux\u00edlio emergencial. A proposta inicial do Executivo era que o valor do benef\u00edcio fosse de R$ 200. Gra\u00e7as a atua\u00e7\u00e3o oposicionista no Congresso, esse valor chegou aos atuais R$ 600.<\/p>\n<p>Confira o programa completo abaixo.<\/p>\n<p><iframe loading=\"lazy\" src=\"\/\/www.youtube.com\/embed\/bxkDBPbVN7E\" width=\"956\" height=\"538\" frameborder=\"0\" allowfullscreen=\"allowfullscreen\"><\/iframe><\/p>\n<!-- AddThis Advanced Settings generic via filter on the_content --><!-- AddThis Share Buttons generic via filter on the_content -->","protected":false},"excerpt":{"rendered":"<p>O deputado federal Andr\u00e9 Figueiredo foi o convidado do \u201cCaf\u00e9 com Lupi\u201d deste s\u00e1bado (29). Direto de Fortaleza (CE), o l\u00edder da Oposi\u00e7\u00e3o na C\u00e2mara falou sobre sua atua\u00e7\u00e3o parlamentar e o construtivo trabalho de oposi\u00e7\u00e3o que tem feito no Congresso, readequando projetos palacianos em favor do povo, como no caso do aux\u00edlio emergencial. Instigado&#8230;<!-- AddThis Advanced Settings generic via filter on wp_trim_excerpt --><!-- AddThis Share Buttons generic via filter on wp_trim_excerpt --><\/p>\n","protected":false},"author":17,"featured_media":73403,"comment_status":"closed","ping_status":"closed","sticky":false,"template":"","format":"standard","meta":{"_monsterinsights_skip_tracking":false,"_monsterinsights_sitenote_active":false,"_monsterinsights_sitenote_note":"","_monsterinsights_sitenote_category":0,"_uf_show_specific_survey":0,"_uf_disable_surveys":false,"footnotes":""},"categories":[1390,1459,1401],"tags":[34,3797,196,1526,1403,2152,3933,3164,3341,38],"class_list":["post-73402","post","type-post","status-publish","format-standard","has-post-thumbnail","hentry","category-editorias","category-congresso","category-nacional","tag-andre-figueiredo","tag-camara-dos-depuados","tag-carlos-lupi","tag-congresso-nacional","tag-fortaleza-ce","tag-fundeb","tag-fundo-nacional-de-desenvolvimento-da-educacao-basica","tag-oposicao","tag-oposicao-propositiva","tag-pdt"],"acf":[],"_links":{"self":[{"href":"https:\/\/pdt-rj.org.br\/index.php\/wp-json\/wp\/v2\/posts\/73402","targetHints":{"allow":["GET"]}}],"collection":[{"href":"https:\/\/pdt-rj.org.br\/index.php\/wp-json\/wp\/v2\/posts"}],"about":[{"href":"https:\/\/pdt-rj.org.br\/index.php\/wp-json\/wp\/v2\/types\/post"}],"author":[{"embeddable":true,"href":"https:\/\/pdt-rj.org.br\/index.php\/wp-json\/wp\/v2\/users\/17"}],"replies":[{"embeddable":true,"href":"https:\/\/pdt-rj.org.br\/index.php\/wp-json\/wp\/v2\/comments?post=73402"}],"version-history":[{"count":7,"href":"https:\/\/pdt-rj.org.br\/index.php\/wp-json\/wp\/v2\/posts\/73402\/revisions"}],"predecessor-version":[{"id":73481,"href":"https:\/\/pdt-rj.org.br\/index.php\/wp-json\/wp\/v2\/posts\/73402\/revisions\/73481"}],"wp:featuredmedia":[{"embeddable":true,"href":"https:\/\/pdt-rj.org.br\/index.php\/wp-json\/wp\/v2\/media\/73403"}],"wp:attachment":[{"href":"https:\/\/pdt-rj.org.br\/index.php\/wp-json\/wp\/v2\/media?parent=73402"}],"wp:term":[{"taxonomy":"category","embeddable":true,"href":"https:\/\/pdt-rj.org.br\/index.php\/wp-json\/wp\/v2\/categories?post=73402"},{"taxonomy":"post_tag","embeddable":true,"href":"https:\/\/pdt-rj.org.br\/index.php\/wp-json\/wp\/v2\/tags?post=73402"}],"curies":[{"name":"wp","href":"https:\/\/api.w.org\/{rel}","templated":true}]}}