{"id":73341,"date":"2020-08-27T15:30:19","date_gmt":"2020-08-27T18:30:19","guid":{"rendered":"http:\/\/pdt-rj.org.br\/?p=73341"},"modified":"2020-09-01T16:24:38","modified_gmt":"2020-09-01T19:24:38","slug":"pdt-vai-ao-stf-contra-prefeitura-do-rio-de-janeiro","status":"publish","type":"post","link":"https:\/\/pdt-rj.org.br\/index.php\/pdt-vai-ao-stf-contra-prefeitura-do-rio-de-janeiro\/","title":{"rendered":"PDT vai ao STF contra prefeitura do Rio de Janeiro"},"content":{"rendered":"<p>O PDT entrou com a\u00e7\u00e3o no Supremo Tribunal Federal (STF) contra o munic\u00edpio do Rio de Janeiro para impedir licita\u00e7\u00e3o com finalidade de antecipar receitas dos royalties provenientes do petr\u00f3leo e do g\u00e1s natural. O documento, assinado por Carlos Lupi, presidente nacional do partido, e Martha Rocha, pr\u00e9-candidata a prefeitura do Rio, alega que a medida viola a independ\u00eancia dos Poderes e a Lei de Responsabilidade Fiscal (LRF).<\/p>\n<p>No \u00faltimo dia 18, a Secretaria Municipal da Fazenda do Rio de Janeiro emitiu despacho autorizando licita\u00e7\u00e3o para a obten\u00e7\u00e3o de cr\u00e9dito por antecipa\u00e7\u00e3o de receita dos royalties e participa\u00e7\u00f5es especiais pela explora\u00e7\u00e3o de petr\u00f3leo e g\u00e1s Natural. Como afirmou a pr\u00f3pria prefeitura, o objetivo \u00e9 \u201ccapitalizar o Fundo Previdenci\u00e1rio Municipal (Funprevi)\u201d.<\/p>\n<p>A medida vai contra o artigo 42 da LRF, que pro\u00edbe a contrata\u00e7\u00e3o de d\u00edvidas nos \u00faltimos dois quadrimestres do mandato, que n\u00e3o possa ser cumprida integralmente dentro dele, ou que tenha parcelas a serem pagas no exerc\u00edcio seguinte, sem que haja disponibilidade de caixa.<\/p>\n<p>A a\u00e7\u00e3o pedetista argumenta, tamb\u00e9m, que a decis\u00e3o de movimentar recursos de um programa or\u00e7ament\u00e1rio para outro n\u00e3o cabe apenas ao Executivo.<\/p>\n<p>\u201c\u00c9 evidente a usurpa\u00e7\u00e3o de compet\u00eancias constitucionais reservadas ao Poder Legislativo. Isso porque inevitavelmente haver\u00e1 destina\u00e7\u00e3o or\u00e7ament\u00e1ria de recursos p\u00fablicos, sem pr\u00e9via autoriza\u00e7\u00e3o legislativa, para gest\u00f5es or\u00e7ament\u00e1rias futuras\u201d, afirma o documento.<\/p>\n<p>Se prosperar, a iniciativa da prefeitura carioca impactar\u00e1 o exerc\u00edcio fiscal de outras gest\u00f5es municipais posteriores a atual. \u201cA medida anunciada pelo Poder Executivo Municipal evidencia n\u00edtida antecipa\u00e7\u00e3o de receita, que inevitavelmente comprometer\u00e1 a capacidade de gasto das administra\u00e7\u00f5es futuras, pelo fato de resultarem em um compromisso financeiro futuro para o ente que as realiza\u201d, explica a a\u00e7\u00e3o.<\/p>\n<p>Clique no link abaixo e confira a peti\u00e7\u00e3o.<\/p>\n<p><a href=\"http:\/\/pdt-rj.org.br\/wp-content\/uploads\/2020\/08\/PETICAO.INICIAL.1-Assinado.pdf\">A\u00e7\u00e3o PDT<\/a><\/p>\n<!-- AddThis Advanced Settings generic via filter on the_content --><!-- AddThis Share Buttons generic via filter on the_content -->","protected":false},"excerpt":{"rendered":"<p>O PDT entrou com a\u00e7\u00e3o no Supremo Tribunal Federal (STF) contra o munic\u00edpio do Rio de Janeiro para impedir licita\u00e7\u00e3o com finalidade de antecipar receitas dos royalties provenientes do petr\u00f3leo e do g\u00e1s natural. O documento, assinado por Carlos Lupi, presidente nacional do partido, e Martha Rocha, pr\u00e9-candidata a prefeitura do Rio, alega que a&#8230;<!-- AddThis Advanced Settings generic via filter on wp_trim_excerpt --><!-- AddThis Share Buttons generic via filter on wp_trim_excerpt --><\/p>\n","protected":false},"author":17,"featured_media":73342,"comment_status":"closed","ping_status":"closed","sticky":false,"template":"","format":"standard","meta":{"_monsterinsights_skip_tracking":false,"_monsterinsights_sitenote_active":false,"_monsterinsights_sitenote_note":"","_monsterinsights_sitenote_category":0,"_uf_show_specific_survey":0,"_uf_disable_surveys":false,"footnotes":""},"categories":[1390,1402],"tags":[196,3913,2869,720,3912,1602,3909,28,899],"class_list":["post-73341","post","type-post","status-publish","format-standard","has-post-thumbnail","hentry","category-editorias","category-cidades","tag-carlos-lupi","tag-lrf","tag-martha-rocha","tag-petroleo","tag-poderes-e-a-lei-de-responsabilidade-fiscal","tag-rio-de-janeiro","tag-royalties","tag-stf","tag-supremo-tribunal-federal"],"acf":[],"_links":{"self":[{"href":"https:\/\/pdt-rj.org.br\/index.php\/wp-json\/wp\/v2\/posts\/73341","targetHints":{"allow":["GET"]}}],"collection":[{"href":"https:\/\/pdt-rj.org.br\/index.php\/wp-json\/wp\/v2\/posts"}],"about":[{"href":"https:\/\/pdt-rj.org.br\/index.php\/wp-json\/wp\/v2\/types\/post"}],"author":[{"embeddable":true,"href":"https:\/\/pdt-rj.org.br\/index.php\/wp-json\/wp\/v2\/users\/17"}],"replies":[{"embeddable":true,"href":"https:\/\/pdt-rj.org.br\/index.php\/wp-json\/wp\/v2\/comments?post=73341"}],"version-history":[{"count":5,"href":"https:\/\/pdt-rj.org.br\/index.php\/wp-json\/wp\/v2\/posts\/73341\/revisions"}],"predecessor-version":[{"id":73447,"href":"https:\/\/pdt-rj.org.br\/index.php\/wp-json\/wp\/v2\/posts\/73341\/revisions\/73447"}],"wp:featuredmedia":[{"embeddable":true,"href":"https:\/\/pdt-rj.org.br\/index.php\/wp-json\/wp\/v2\/media\/73342"}],"wp:attachment":[{"href":"https:\/\/pdt-rj.org.br\/index.php\/wp-json\/wp\/v2\/media?parent=73341"}],"wp:term":[{"taxonomy":"category","embeddable":true,"href":"https:\/\/pdt-rj.org.br\/index.php\/wp-json\/wp\/v2\/categories?post=73341"},{"taxonomy":"post_tag","embeddable":true,"href":"https:\/\/pdt-rj.org.br\/index.php\/wp-json\/wp\/v2\/tags?post=73341"}],"curies":[{"name":"wp","href":"https:\/\/api.w.org\/{rel}","templated":true}]}}