{"id":73311,"date":"2020-08-25T15:58:04","date_gmt":"2020-08-25T18:58:04","guid":{"rendered":"http:\/\/pdt-rj.org.br\/?p=73311"},"modified":"2020-08-25T15:59:34","modified_gmt":"2020-08-25T18:59:34","slug":"pdt-lanca-gerson-antunes-e-jussara-ferreira-a-prefeitura-de-volta-redonda-rj","status":"publish","type":"post","link":"https:\/\/pdt-rj.org.br\/index.php\/pdt-lanca-gerson-antunes-e-jussara-ferreira-a-prefeitura-de-volta-redonda-rj\/","title":{"rendered":"PDT lan\u00e7a Gerson Antunes e Jussara Ferreira \u00e0 prefeitura de Volta Redonda (RJ)"},"content":{"rendered":"<p>A executiva do diret\u00f3rio de Volta Redonda, munic\u00edpio do Rio de Janeiro, aprovou, na noite dessa segunda-feira (24), a candidatura pr\u00f3pria do PDT para as elei\u00e7\u00f5es deste ano com Gerson Antunes para prefeito e Jussara Ferreira como vice.<\/p>\n<p>Hist\u00f3rica no PDT, a chapa ir\u00e1 representar os movimentos da Juventude e da A\u00e7\u00e3o da Mulher Trabalhista (AMT) no munic\u00edpio.<\/p>\n<p>Na reuni\u00e3o, o diret\u00f3rio tamb\u00e9m definiu a data da Conven\u00e7\u00e3o que ser\u00e1 realizada no dia 12 de setembro, a partir das 10h da manh\u00e3, respeitando as regras sanit\u00e1rias devido a pandemia da Covid-19.<\/p>\n<p><strong>Servi\u00e7o:<\/strong><\/p>\n<p>Data: 12\/09<\/p>\n<p>Local: Pra\u00e7a Juarez Antunes<\/p>\n<p>Hor\u00e1rio: 10h \u00e0s 14h<\/p>\n<p>&nbsp;<\/p>\n<!-- AddThis Advanced Settings generic via filter on the_content --><!-- AddThis Share Buttons generic via filter on the_content -->","protected":false},"excerpt":{"rendered":"<p>A executiva do diret\u00f3rio de Volta Redonda, munic\u00edpio do Rio de Janeiro, aprovou, na noite dessa segunda-feira (24), a candidatura pr\u00f3pria do PDT para as elei\u00e7\u00f5es deste ano com Gerson Antunes para prefeito e Jussara Ferreira como vice. Hist\u00f3rica no PDT, a chapa ir\u00e1 representar os movimentos da Juventude e da A\u00e7\u00e3o da Mulher Trabalhista&#8230;<!-- AddThis Advanced Settings generic via filter on wp_trim_excerpt --><!-- AddThis Share Buttons generic via filter on wp_trim_excerpt --><\/p>\n","protected":false},"author":17,"featured_media":73314,"comment_status":"closed","ping_status":"closed","sticky":false,"template":"","format":"standard","meta":{"_monsterinsights_skip_tracking":false,"_monsterinsights_sitenote_active":false,"_monsterinsights_sitenote_note":"","_monsterinsights_sitenote_category":0,"_uf_show_specific_survey":0,"_uf_disable_surveys":false,"footnotes":""},"categories":[1390,1402],"tags":[3901,3902,3903,3900,3899],"class_list":["post-73311","post","type-post","status-publish","format-standard","has-post-thumbnail","hentry","category-editorias","category-cidades","tag-candidatura-propria-do-pdt","tag-gerson-antunes","tag-jussara-ferreira","tag-pdt-do-rio-de-janeiro","tag-volta-redonda"],"acf":[],"_links":{"self":[{"href":"https:\/\/pdt-rj.org.br\/index.php\/wp-json\/wp\/v2\/posts\/73311","targetHints":{"allow":["GET"]}}],"collection":[{"href":"https:\/\/pdt-rj.org.br\/index.php\/wp-json\/wp\/v2\/posts"}],"about":[{"href":"https:\/\/pdt-rj.org.br\/index.php\/wp-json\/wp\/v2\/types\/post"}],"author":[{"embeddable":true,"href":"https:\/\/pdt-rj.org.br\/index.php\/wp-json\/wp\/v2\/users\/17"}],"replies":[{"embeddable":true,"href":"https:\/\/pdt-rj.org.br\/index.php\/wp-json\/wp\/v2\/comments?post=73311"}],"version-history":[{"count":2,"href":"https:\/\/pdt-rj.org.br\/index.php\/wp-json\/wp\/v2\/posts\/73311\/revisions"}],"predecessor-version":[{"id":73318,"href":"https:\/\/pdt-rj.org.br\/index.php\/wp-json\/wp\/v2\/posts\/73311\/revisions\/73318"}],"wp:featuredmedia":[{"embeddable":true,"href":"https:\/\/pdt-rj.org.br\/index.php\/wp-json\/wp\/v2\/media\/73314"}],"wp:attachment":[{"href":"https:\/\/pdt-rj.org.br\/index.php\/wp-json\/wp\/v2\/media?parent=73311"}],"wp:term":[{"taxonomy":"category","embeddable":true,"href":"https:\/\/pdt-rj.org.br\/index.php\/wp-json\/wp\/v2\/categories?post=73311"},{"taxonomy":"post_tag","embeddable":true,"href":"https:\/\/pdt-rj.org.br\/index.php\/wp-json\/wp\/v2\/tags?post=73311"}],"curies":[{"name":"wp","href":"https:\/\/api.w.org\/{rel}","templated":true}]}}