{"id":73306,"date":"2020-08-25T15:05:07","date_gmt":"2020-08-25T18:05:07","guid":{"rendered":"http:\/\/pdt-rj.org.br\/?p=73306"},"modified":"2020-08-25T15:16:20","modified_gmt":"2020-08-25T18:16:20","slug":"pedetistas-sao-homenageados-em-todas-as-categorias-do-premio-congresso-em-foco-2020","status":"publish","type":"post","link":"https:\/\/pdt-rj.org.br\/index.php\/pedetistas-sao-homenageados-em-todas-as-categorias-do-premio-congresso-em-foco-2020\/","title":{"rendered":"Pedetistas s\u00e3o homenageados em todas as categorias do Pr\u00eamio Congresso em Foco 2020"},"content":{"rendered":"<p>O site jornal\u00edstico \u201cCongresso em Foco\u201d realizou a 13\u00aa edi\u00e7\u00e3o \u2018Pr\u00eamio Congresso em Foco\u2019 o Oscar da pol\u00edtica brasileira. A escolha dos parlamentares \u2013 feita remotamente devido \u00e0 Covid-19 \u2013 que mais se destacaram nas categorias Clima e Sustentabilidade, Defesa da Educa\u00e7\u00e3o e na categoria geral (escolhida pelo p\u00fablico) foi na quinta-feira (20).<\/p>\n<p>Os parlamentares foram escolhidos por vota\u00e7\u00e3o popular \u2013 com participa\u00e7\u00e3o recorde com mais de dois milh\u00f5es de votos \u2013 al\u00e9m dos nomes indicados pelos j\u00faris de jornalistas e especializado. Os resultados foram auditados pela Associa\u00e7\u00e3o dos Peritos Criminais Federais (APCF).<\/p>\n<p>O site levou em conta os parlamentares que mais se destacaram na defesa de propostas legislativas e de a\u00e7\u00f5es p\u00fablicas em favor da promo\u00e7\u00e3o de uma educa\u00e7\u00e3o inclusiva e de qualidade. A vota\u00e7\u00e3o foi realizada, separadamente, entre 17 e 31 de julho pelo p\u00fablico, por um j\u00fari especializado e pelos jornalistas que cobrem o Congresso Nacional.<\/p>\n<p>Deputados pedetistas que foram homenageados:<\/p>\n<p><strong>Melhores na C\u00e2mara<\/strong><\/p>\n<p>T\u00falio Gadelha (PE); Idilvan Alencar (CE); Andr\u00e9 Figueiredo (CE); Mauro Benevides (CE); Silvia Cristina (RO); Chico D\u2019Angelo (RJ); Eduardo Bismarck (CE); M\u00e1rio Heringer (MG); Le\u00f4nidas Cristino (CE); Fl\u00e1via Morais (GO); Pompeo de Mattos (RS); Wolney Queiroz (PE); Afonso Motta (RS); Paulo Ramos (EJ); Subtenente Gonzaga (MG); Dami\u00e3o Feliciano (PB); Alex Santana (BA); F\u00e1bio Henrique (SE); F\u00e9lix Mendon\u00e7a J\u00fanior. (BA); Fl\u00e1vio Nogueira (PI), Jesus S\u00e9rgio (AC) e T\u00e1bata Amaral (SP).<\/p>\n<p><strong>Lista dos aptos em Clima e Sustentabilidade<\/strong><\/p>\n<p>Subtenente Gonzaga, Fl\u00e1via Morais, Gustavo Fruet, Eduardo Bismarck, Chico D\u2019angelo, M\u00e1rio Heringer, Wolney Queiroz, Mauro Benevides Filho, Le\u00f4nidas Cristino, Paulo Ramos e F\u00e1bio Henrique.<\/p>\n<p><strong>Defesa da Educa\u00e7\u00e3o<\/strong><\/p>\n<p>T\u00falio Gadelha, Idilvan Alencar, Andr\u00e9 Figueiredo, Afonso Motta (RS); Eduardo Bismarck, Le\u00f4nidas Cristino, Dami\u00e3o Feliciano, F\u00e9lix Mendon\u00e7a J\u00fanior, Jesus S\u00e9rgio e T\u00e1bata Amaral.<\/p>\n<p>Confira <a href=\"https:\/\/premio.congressoemfoco.com.br\/\">aqui<\/a> o total de votos recebidos por todos os congressistas (deputados e senadores).<\/p>\n<!-- AddThis Advanced Settings generic via filter on the_content --><!-- AddThis Share Buttons generic via filter on the_content -->","protected":false},"excerpt":{"rendered":"<p>O site jornal\u00edstico \u201cCongresso em Foco\u201d realizou a 13\u00aa edi\u00e7\u00e3o \u2018Pr\u00eamio Congresso em Foco\u2019 o Oscar da pol\u00edtica brasileira. A escolha dos parlamentares \u2013 feita remotamente devido \u00e0 Covid-19 \u2013 que mais se destacaram nas categorias Clima e Sustentabilidade, Defesa da Educa\u00e7\u00e3o e na categoria geral (escolhida pelo p\u00fablico) foi na quinta-feira (20). Os parlamentares&#8230;<!-- AddThis Advanced Settings generic via filter on wp_trim_excerpt --><!-- AddThis Share Buttons generic via filter on wp_trim_excerpt --><\/p>\n","protected":false},"author":17,"featured_media":73307,"comment_status":"closed","ping_status":"closed","sticky":false,"template":"","format":"standard","meta":{"_monsterinsights_skip_tracking":false,"_monsterinsights_sitenote_active":false,"_monsterinsights_sitenote_note":"","_monsterinsights_sitenote_category":0,"_uf_show_specific_survey":0,"_uf_disable_surveys":false,"footnotes":""},"categories":[1390],"tags":[3898,3897,34,2854,3895,3892,275,3896,3893,3242,391,406,1225,3373,3290,566,1175,3096,3241,38,895,2491,964],"class_list":["post-73306","post","type-post","status-publish","format-standard","has-post-thumbnail","hentry","category-editorias","tag-13a-edicao-premio-congresso-em-foco","tag-afonso-motta-rs","tag-andre-figueiredo","tag-chico-dangelo","tag-clima-e-sustentabilidade","tag-congresso-em-foco","tag-damiao-feliciano","tag-defesa-da-educacao","tag-eduardo-bismarck","tag-fabio-henrique","tag-felix-mendonca-junior","tag-flavia-morais","tag-gustavo-fruet","tag-idilvan-alencar","tag-jesus-sergio","tag-leonidas-cristino","tag-mario-heringer","tag-mauro-benevides-filho","tag-paulo-ramos","tag-pdt","tag-subtenente-gonzaga","tag-tulio-gadelha","tag-wolney-queiroz"],"acf":[],"_links":{"self":[{"href":"https:\/\/pdt-rj.org.br\/index.php\/wp-json\/wp\/v2\/posts\/73306","targetHints":{"allow":["GET"]}}],"collection":[{"href":"https:\/\/pdt-rj.org.br\/index.php\/wp-json\/wp\/v2\/posts"}],"about":[{"href":"https:\/\/pdt-rj.org.br\/index.php\/wp-json\/wp\/v2\/types\/post"}],"author":[{"embeddable":true,"href":"https:\/\/pdt-rj.org.br\/index.php\/wp-json\/wp\/v2\/users\/17"}],"replies":[{"embeddable":true,"href":"https:\/\/pdt-rj.org.br\/index.php\/wp-json\/wp\/v2\/comments?post=73306"}],"version-history":[{"count":3,"href":"https:\/\/pdt-rj.org.br\/index.php\/wp-json\/wp\/v2\/posts\/73306\/revisions"}],"predecessor-version":[{"id":73310,"href":"https:\/\/pdt-rj.org.br\/index.php\/wp-json\/wp\/v2\/posts\/73306\/revisions\/73310"}],"wp:featuredmedia":[{"embeddable":true,"href":"https:\/\/pdt-rj.org.br\/index.php\/wp-json\/wp\/v2\/media\/73307"}],"wp:attachment":[{"href":"https:\/\/pdt-rj.org.br\/index.php\/wp-json\/wp\/v2\/media?parent=73306"}],"wp:term":[{"taxonomy":"category","embeddable":true,"href":"https:\/\/pdt-rj.org.br\/index.php\/wp-json\/wp\/v2\/categories?post=73306"},{"taxonomy":"post_tag","embeddable":true,"href":"https:\/\/pdt-rj.org.br\/index.php\/wp-json\/wp\/v2\/tags?post=73306"}],"curies":[{"name":"wp","href":"https:\/\/api.w.org\/{rel}","templated":true}]}}