{"id":73289,"date":"2020-08-24T22:58:56","date_gmt":"2020-08-25T01:58:56","guid":{"rendered":"http:\/\/pdt-rj.org.br\/?p=73289"},"modified":"2020-08-27T15:33:22","modified_gmt":"2020-08-27T18:33:22","slug":"lupi-comanda-homenagem-a-getulio-vargas-no-rio-de-janeiro-pelos-66-anos-de-sua-morte","status":"publish","type":"post","link":"https:\/\/pdt-rj.org.br\/index.php\/lupi-comanda-homenagem-a-getulio-vargas-no-rio-de-janeiro-pelos-66-anos-de-sua-morte\/","title":{"rendered":"Lupi comanda homenagem a Get\u00falio Vargas no Rio de Janeiro pelos 66 anos de morte do \u00edcone trabalhista"},"content":{"rendered":"<p>O presidente nacional do PDT, Carlos Lupi, em pronunciamento pelos 66 anos da morte do presidente Get\u00falio Vargas hoje (24 na Cinel\u00e2ndia, no Centro do Rio, ao p\u00e9 do busto de Get\u00falio, \u00a0em cr\u00edtica direta a Jair Bolsonaro, afirmou que \u00a0\u201cneste momento em que \u00f3dio impera no Brasil por conta desse profeta da ignor\u00e2ncia chamado Jair Bolsonaro, mais do que nunca \u00e9 hora de lembrar de Get\u00falio Vargas e sua saga, o presidente que deu a sua vida pelo Brasil\u201d.<\/p>\n<p>Lupi lembrou as conquistas hist\u00f3ricas do Trabalhismo, o voto feminino entre elas, destacando que Vargas foi o presidente mais importante, mais brilhante, o maior do pa\u00eds na sua opini\u00e3o, t\u00e3o importante que conseguiu adiar o golpe da direita por 10 anos com o seu suic\u00eddio e a Carta Testamento, que fez quest\u00e3o de ler \u2013 na \u00edntegra.<\/p>\n<p>Leia a mat\u00e9ria completa <a href=\"http:\/\/pdt-rj.org.br\/lupi-comanda-no-rio-de-janeiro-homenagem-a-vargas-pelos-66-anos-de-sua-morte\/\">aqui<\/a>.<\/p>\n<!-- AddThis Advanced Settings generic via filter on the_content --><!-- AddThis Share Buttons generic via filter on the_content -->","protected":false},"excerpt":{"rendered":"<p>O presidente nacional do PDT, Carlos Lupi, em pronunciamento pelos 66 anos da morte do presidente Get\u00falio Vargas hoje (24 na Cinel\u00e2ndia, no Centro do Rio, ao p\u00e9 do busto de Get\u00falio, \u00a0em cr\u00edtica direta a Jair Bolsonaro, afirmou que \u00a0\u201cneste momento em que \u00f3dio impera no Brasil por conta desse profeta da ignor\u00e2ncia chamado&#8230;<!-- AddThis Advanced Settings generic via filter on wp_trim_excerpt --><!-- AddThis Share Buttons generic via filter on wp_trim_excerpt --><\/p>\n","protected":false},"author":17,"featured_media":73297,"comment_status":"closed","ping_status":"closed","sticky":false,"template":"","format":"standard","meta":{"_monsterinsights_skip_tracking":false,"_monsterinsights_sitenote_active":false,"_monsterinsights_sitenote_note":"","_monsterinsights_sitenote_category":0,"_uf_show_specific_survey":0,"_uf_disable_surveys":false,"footnotes":""},"categories":[976],"tags":[2522,437,46,2016],"class_list":["post-73289","post","type-post","status-publish","format-standard","has-post-thumbnail","hentry","category-noticias-em-destaque","tag-carta-testamento","tag-getulio-vargas","tag-trabalhismo","tag-voto-feminino"],"acf":[],"_links":{"self":[{"href":"https:\/\/pdt-rj.org.br\/index.php\/wp-json\/wp\/v2\/posts\/73289","targetHints":{"allow":["GET"]}}],"collection":[{"href":"https:\/\/pdt-rj.org.br\/index.php\/wp-json\/wp\/v2\/posts"}],"about":[{"href":"https:\/\/pdt-rj.org.br\/index.php\/wp-json\/wp\/v2\/types\/post"}],"author":[{"embeddable":true,"href":"https:\/\/pdt-rj.org.br\/index.php\/wp-json\/wp\/v2\/users\/17"}],"replies":[{"embeddable":true,"href":"https:\/\/pdt-rj.org.br\/index.php\/wp-json\/wp\/v2\/comments?post=73289"}],"version-history":[{"count":6,"href":"https:\/\/pdt-rj.org.br\/index.php\/wp-json\/wp\/v2\/posts\/73289\/revisions"}],"predecessor-version":[{"id":73345,"href":"https:\/\/pdt-rj.org.br\/index.php\/wp-json\/wp\/v2\/posts\/73289\/revisions\/73345"}],"wp:featuredmedia":[{"embeddable":true,"href":"https:\/\/pdt-rj.org.br\/index.php\/wp-json\/wp\/v2\/media\/73297"}],"wp:attachment":[{"href":"https:\/\/pdt-rj.org.br\/index.php\/wp-json\/wp\/v2\/media?parent=73289"}],"wp:term":[{"taxonomy":"category","embeddable":true,"href":"https:\/\/pdt-rj.org.br\/index.php\/wp-json\/wp\/v2\/categories?post=73289"},{"taxonomy":"post_tag","embeddable":true,"href":"https:\/\/pdt-rj.org.br\/index.php\/wp-json\/wp\/v2\/tags?post=73289"}],"curies":[{"name":"wp","href":"https:\/\/api.w.org\/{rel}","templated":true}]}}