{"id":73276,"date":"2020-08-24T22:21:14","date_gmt":"2020-08-25T01:21:14","guid":{"rendered":"http:\/\/pdt-rj.org.br\/?p=73276"},"modified":"2020-08-27T15:35:07","modified_gmt":"2020-08-27T18:35:07","slug":"ciro-gomes-o-brasil-precisa-da-ideia-militancia-e-exemplo-de-getulio-vargas","status":"publish","type":"post","link":"https:\/\/pdt-rj.org.br\/index.php\/ciro-gomes-o-brasil-precisa-da-ideia-militancia-e-exemplo-de-getulio-vargas\/","title":{"rendered":"Ciro Gomes: \u201cO Brasil precisa da ideia, milit\u00e2ncia e exemplo de Get\u00falio Vargas\u201d"},"content":{"rendered":"<p><strong><em>Semin\u00e1rio Trabalhista do Cear\u00e1 reuniu lideran\u00e7as, incluindo o prefeito de Fortaleza, Roberto Cl\u00e1udio<\/em><\/strong><\/p>\n<p>&nbsp;<\/p>\n<p>O ex-governador do Cear\u00e1, Ciro Gomes, homenageou o ex-presidente da Rep\u00fablica, Get\u00falio Vargas, ao citar todo o legado e a representatividade diante dos 66 anos do seu suic\u00eddio e consequente carta-testamento. As considera\u00e7\u00f5es ocorreram ao longo do debate que encerrou o 1\u00ba Semin\u00e1rio Trabalhista estadual, na noite desta segunda-feira (24).<\/p>\n<p>\u201cO Get\u00falio fez um ato pol\u00edtico, de grande transcend\u00eancia, e n\u00e3o de covardia ou fuga. Friamente, escreveu o manifesto da carta-testamento. \u00c9 de uma plena atualidade e contemporaneidade no enfrentamento da desigualdade. \u00c9 o maior estadista que tivemos\u201d, avalia, ao entender que o homenageado foi um int\u00e9rprete da alma popular brasileira diante de uma vis\u00e3o nacionalista influenciada por Alberto Pasqualini.<\/p>\n<p>Ao contextualizar as realidades econ\u00f4mica e social, em n\u00edveis nacional e internacional, que Get\u00falio enfrentou, Ciro mostrou as circunst\u00e2ncias de cada passo dado para inaugurar um pa\u00eds moderno, diante de projetos como a Companhia de Sider\u00fargica Nacional (CNS).<\/p>\n<p>\u201cO Brasil n\u00e3o era nada (economicamente) at\u00e9 Get\u00falio, que foi um homem absolutamente \u00edntegro. Entre 1930 e 1980, foi o pa\u00eds que mais cresceu no mundo capitalista. Tudo fruto da imagina\u00e7\u00e3o deste grande l\u00edder. Registramos a proje\u00e7\u00e3o de uma concep\u00e7\u00e3o moderna com a cria\u00e7\u00e3o da Petrobras, Eletrobras e tantos outros avan\u00e7os\u201d, garantiu Ciro.<\/p>\n<p>Liderado pela Funda\u00e7\u00e3o Leonel Brizola \u2013 Alberto Pasqualini (FLB-AP), a partir do vice-presidente, Papito de Oliveira, e exibido pelo Youtube e Facebook da organiza\u00e7\u00e3o pedetista, o evento contou com as participa\u00e7\u00f5es da presidente nacional da A\u00e7\u00e3o da Mulher Trabalhista (AMT) e vice-presidente nacional do PDT, Miguelina Vecchio, e do prefeito de Fortaleza e presidente do partido na capital, Roberto Cl\u00e1udio.<\/p>\n<p>Para Miguelina, a ess\u00eancia do trabalhismo \u00e9 marcada pela tentativa de oferta de dois pilares considerados essenciais: educa\u00e7\u00e3o e trabalho. E o getulismo sempre considerou as prioridades da camada popular e a relev\u00e2ncia feminina no contexto nacional, com destaque para a reforma eleitoral regulamentada em 1934.<\/p>\n<p>\u201cGrande estadista, Get\u00falio enfrentou a realidade para dar o direito de voto \u00e0s mulheres a partir da reforma eleitoral, al\u00e9m de reconhecer a fun\u00e7\u00e3o social da maternidade em um per\u00edodo que n\u00f3s \u00e9ramos consideradas praticamente reprodutoras. Isso tem uma for\u00e7a pol\u00edtica gigantesca\u201d, ressalta.<\/p>\n<p>\u201cCom a magnitude da vis\u00e3o dele, naquele per\u00edodo, nenhum outro governante faria aquilo, pois teve que combater as for\u00e7as mais poderosas do pa\u00eds, que n\u00e3o queriam que nenhuma mulher votasse. Essa reforma come\u00e7ou a lev\u00e1-las ao parlamento\u201d, acrescentou, ao citar o processo de constru\u00e7\u00e3o partid\u00e1ria conduzido por Carlos Lupi, presidente nacional do PDT, e a atua\u00e7\u00e3o da AMT.<\/p>\n<p>Ao valorizar a igualdade de g\u00eanero e o protagonismo feminino na sua gest\u00e3o municipal, Roberto Cl\u00e1udio relembrou o legado varguista para mostrar a import\u00e2ncia do setor p\u00fablico e do desenvolvimento industrial como canal estimulador do progresso da na\u00e7\u00e3o, bem como combater retrocessos, indicados exemplarmente nas limita\u00e7\u00f5es de investimentos criadas por Michel Temer.<\/p>\n<p>\u201cVivemos um momento em que os direitos dos trabalhadores s\u00e3o atacados com uma reforma que desestabiliza, al\u00e9m das mudan\u00e7as na previd\u00eancia, que mant\u00e9m os privil\u00e9gios dos \u2018maraj\u00e1s\u2019 intactos\u201d, disse, ao completar: \u201cO teto de gastos, implementado na gest\u00e3o Temer, limita os recursos no setor p\u00fablico, principalmente na educa\u00e7\u00e3o e sa\u00fade, e n\u00e3o considera, por exemplo, diversos custos que tamb\u00e9m sofrem o impacto da varia\u00e7\u00e3o cambial.\u201d<\/p>\n<p>\u201cNo momento em que o Brasil entrega, a \u201cpre\u00e7o de banana\u201d, diversos ativos estrat\u00e9gicos e, em uma pandemia, mostra a falta de produtos nacionais pela desindustrializa\u00e7\u00e3o, discutir o legado varguista \u00e9 absolutamente necess\u00e1rio. Get\u00falio estimulou a ind\u00fastria de base pelo caminho da siderurgia e do \u201cpetr\u00f3leo \u00e9 nosso\u201d, que deu origem \u00e0 Petrobras\u201d, analisou Roberto, na sequ\u00eancia, ao mencionar o perfil revolucion\u00e1rio da lideran\u00e7a trabalhista.<\/p>\n<p><strong>Est\u00edmulo<\/strong><\/p>\n<p>Sobre a constru\u00e7\u00e3o de um novo momento do pa\u00eds, o prefeito cearense conclamou os trabalhistas para impulsionar a afirma\u00e7\u00e3o do Projeto Nacional de Desenvolvimento (PND).<\/p>\n<p>\u201cComo o Ciro tem defendido, precisamos de um novo marco civilizat\u00f3rio, no Brasil, a partir do capital humano. E, n\u00f3s, na gest\u00e3o de Fortaleza, damos exemplo, pois temos o maior percentual de ensino integral e o recorde de investimento p\u00fablico da hist\u00f3ria. S\u00e3o recursos para qualificar a vida do trabalhador\u201d, salientou.<\/p>\n<p>\u201cAs melhores mem\u00f3rias de Vargas, Jango e Brizola est\u00e3o representadas pelo PDT de Ciro Gomes. Com esse sentimento, temos esperan\u00e7a de um Brasil progressista e vamos, unidos, gerar mais oportunidades para o povo\u201d, concluiu.<\/p>\n<p>Acompanhe a \u00edntegra do debate transmitido pelo Est\u00fadio Legalidade e Central de M\u00eddias Sociais: https:\/\/www.youtube.com\/watch?v=RQTcuPJtmEQ&amp;feature=youtu.be.<\/p>\n<!-- AddThis Advanced Settings generic via filter on the_content --><!-- AddThis Share Buttons generic via filter on the_content -->","protected":false},"excerpt":{"rendered":"<p>Semin\u00e1rio Trabalhista do Cear\u00e1 reuniu lideran\u00e7as, incluindo o prefeito de Fortaleza, Roberto Cl\u00e1udio &nbsp; O ex-governador do Cear\u00e1, Ciro Gomes, homenageou o ex-presidente da Rep\u00fablica, Get\u00falio Vargas, ao citar todo o legado e a representatividade diante dos 66 anos do seu suic\u00eddio e consequente carta-testamento. As considera\u00e7\u00f5es ocorreram ao longo do debate que encerrou o&#8230;<!-- AddThis Advanced Settings generic via filter on wp_trim_excerpt --><!-- AddThis Share Buttons generic via filter on wp_trim_excerpt --><\/p>\n","protected":false},"author":17,"featured_media":73277,"comment_status":"closed","ping_status":"closed","sticky":false,"template":"","format":"standard","meta":{"_monsterinsights_skip_tracking":false,"_monsterinsights_sitenote_active":false,"_monsterinsights_sitenote_note":"","_monsterinsights_sitenote_category":0,"_uf_show_specific_survey":0,"_uf_disable_surveys":false,"footnotes":""},"categories":[1390,1401],"tags":[],"class_list":["post-73276","post","type-post","status-publish","format-standard","has-post-thumbnail","hentry","category-editorias","category-nacional"],"acf":[],"_links":{"self":[{"href":"https:\/\/pdt-rj.org.br\/index.php\/wp-json\/wp\/v2\/posts\/73276","targetHints":{"allow":["GET"]}}],"collection":[{"href":"https:\/\/pdt-rj.org.br\/index.php\/wp-json\/wp\/v2\/posts"}],"about":[{"href":"https:\/\/pdt-rj.org.br\/index.php\/wp-json\/wp\/v2\/types\/post"}],"author":[{"embeddable":true,"href":"https:\/\/pdt-rj.org.br\/index.php\/wp-json\/wp\/v2\/users\/17"}],"replies":[{"embeddable":true,"href":"https:\/\/pdt-rj.org.br\/index.php\/wp-json\/wp\/v2\/comments?post=73276"}],"version-history":[{"count":4,"href":"https:\/\/pdt-rj.org.br\/index.php\/wp-json\/wp\/v2\/posts\/73276\/revisions"}],"predecessor-version":[{"id":73346,"href":"https:\/\/pdt-rj.org.br\/index.php\/wp-json\/wp\/v2\/posts\/73276\/revisions\/73346"}],"wp:featuredmedia":[{"embeddable":true,"href":"https:\/\/pdt-rj.org.br\/index.php\/wp-json\/wp\/v2\/media\/73277"}],"wp:attachment":[{"href":"https:\/\/pdt-rj.org.br\/index.php\/wp-json\/wp\/v2\/media?parent=73276"}],"wp:term":[{"taxonomy":"category","embeddable":true,"href":"https:\/\/pdt-rj.org.br\/index.php\/wp-json\/wp\/v2\/categories?post=73276"},{"taxonomy":"post_tag","embeddable":true,"href":"https:\/\/pdt-rj.org.br\/index.php\/wp-json\/wp\/v2\/tags?post=73276"}],"curies":[{"name":"wp","href":"https:\/\/api.w.org\/{rel}","templated":true}]}}