{"id":73267,"date":"2020-08-24T16:44:22","date_gmt":"2020-08-24T19:44:22","guid":{"rendered":"http:\/\/pdt-rj.org.br\/?p=73267"},"modified":"2020-08-24T17:41:30","modified_gmt":"2020-08-24T20:41:30","slug":"getulio-vargas-o-construtor-do-brasil-moderno","status":"publish","type":"post","link":"https:\/\/pdt-rj.org.br\/index.php\/getulio-vargas-o-construtor-do-brasil-moderno\/","title":{"rendered":"Get\u00falio Vargas, o construtor do Brasil moderno"},"content":{"rendered":"<p>Um certo dia no final de 1994, o ent\u00e3o Senador por S\u00e3o Paulo e rec\u00e9m-eleito Presidente da Rep\u00fablica, Fernando Henrique Cardoso estava discursando na tribuna do Senado e disse que, \u201cquando assumisse a Presid\u00eancia da Rep\u00fablica, acabaria a Era Vargas\u201d. Muito presun\u00e7oso o gr\u00e3o tucano, embora gozasse de prest\u00edgio em virtude do Plano Real que o conduzira ao Planalto.<\/p>\n<p>Por\u00e9m, uma coisa nos intriga, ou melhor, uma personalidade. Get\u00falio Dornelles Vargas.<\/p>\n<p>Por que essa figura que causa tantas rea\u00e7\u00f5es 66 anos ap\u00f3s o seu sacrif\u00edcio com uma bala no cora\u00e7\u00e3o? Por que alguns usam o seu legado como bandeira de luta e outros utilizam-se do mesmo legado para tentar destru\u00ed-lo?<\/p>\n<p>Get\u00falio Vargas \u00e9 a maior express\u00e3o daquilo que chamamos de Trabalhismo Brasileiro. Seus governos, duramente atacados por seus advers\u00e1rios apeados por ele do poder e altamente amparados e apoiados pelo povo, mostram a verdadeira transforma\u00e7\u00e3o de um Brasil rural, dominado pelas elites, para um Brasil urbano, que aspirava ser uma democracia plena e com justi\u00e7a social em nossa Am\u00e9rica.<\/p>\n<p>Durante os seus governos, o Brasil teve um protagonismo diferenciado como at\u00e9 ent\u00e3o nunca teve. Antes de Get\u00falio, nossa diplomacia era vista como \u201cpacificamente submissa, dependente das grandes na\u00e7\u00f5es que compravam os nossos produtos, em especial, o caf\u00e9\u201d. Mas Get\u00falio mudou isso fazendo o mundo olhar para \u201caquele pa\u00eds que fala portugu\u00eas na Am\u00e9rica do Sul, que a sua capital n\u00e3o \u00e9 Buenos Aires\u201d.<\/p>\n<p>Seus maiores cr\u00edticos o chamavam de \u201cdemagogo sem escr\u00fapulos, de inimigo da democracia, de ditador, etc\u201d. Seus apoiadores, o chamavam de \u201cPai dos Pobres\u201d.<\/p>\n<p>Ouso dizer que, o legado de Vargas \u00e9 mais forte e s\u00f3lido do que o seu pr\u00f3prio nome. Vargas construiu as bases de um Brasil moderno. JK n\u00e3o teria feito a industrializa\u00e7\u00e3o se Get\u00falio n\u00e3o tivesse implantado as sider\u00fargicas e incentivado as primeiras incurs\u00f5es da ind\u00fastria petroqu\u00edmica. Jango n\u00e3o teria dado o aumento de 100% do sal\u00e1rio-m\u00ednimo se Get\u00falio n\u00e3o tivesse implantado a legisla\u00e7\u00e3o trabalhista, que foi destru\u00edda por Temer e enterrada por Bolsonaro e Paulo Guedes agora. N\u00e3o ter\u00edamos a pujan\u00e7a do Pr\u00e9-Sal sem que Get\u00falio criasse a Petrobr\u00e1s e ter estabelecido o monop\u00f3lio estatal na explora\u00e7\u00e3o de petr\u00f3leo.<\/p>\n<p>Tudo isso nos mostra a atualidade do pensamento varguista sintetizado por Alberto Pasqualini e nos legados atrav\u00e9s de Jango, Darcy, Abdias, Doutel e Brizola. NUNCA O TRABALHISMO FOI T\u00c3O ATUAL e hoje com Ciro Gomes podemos ter n\u00e3o um \u201cNovo Trabalhismo\u201d, mas a reafirma\u00e7\u00e3o dos valores preconizados por Get\u00falio Vargas no nacionalismo, no desenvolvimentismo soberano e estrat\u00e9gico e na solu\u00e7\u00e3o dos problemas nacionais que nos conduzem ao atraso.<\/p>\n<p>Isso reafirma a obra de Get\u00falio Vargas e seu legado, t\u00e3o atacado mas nunca superado, por isso que n\u00f3s trabalhistas temos que bradar em alta voz que: \u201cGET\u00daLIO VARGAS \u00c9 O CONSTRUTOR DO BRASIL MODERNO\u201d<\/p>\n<p><em>*Marcelo Barros \u00e9 membro do Diret\u00f3rio Nacional do PDT pelo Amazonas<\/em><\/p>\n<!-- AddThis Advanced Settings generic via filter on the_content --><!-- AddThis Share Buttons generic via filter on the_content -->","protected":false},"excerpt":{"rendered":"<p>Um certo dia no final de 1994, o ent\u00e3o Senador por S\u00e3o Paulo e rec\u00e9m-eleito Presidente da Rep\u00fablica, Fernando Henrique Cardoso estava discursando na tribuna do Senado e disse que, \u201cquando assumisse a Presid\u00eancia da Rep\u00fablica, acabaria a Era Vargas\u201d. Muito presun\u00e7oso o gr\u00e3o tucano, embora gozasse de prest\u00edgio em virtude do Plano Real que&#8230;<!-- AddThis Advanced Settings generic via filter on wp_trim_excerpt --><!-- AddThis Share Buttons generic via filter on wp_trim_excerpt --><\/p>\n","protected":false},"author":17,"featured_media":73275,"comment_status":"closed","ping_status":"closed","sticky":false,"template":"","format":"standard","meta":{"_monsterinsights_skip_tracking":false,"_monsterinsights_sitenote_active":false,"_monsterinsights_sitenote_note":"","_monsterinsights_sitenote_category":0,"_uf_show_specific_survey":0,"_uf_disable_surveys":false,"footnotes":""},"categories":[1584,1390],"tags":[3598,3890,220,287,2683,437,46],"class_list":["post-73267","post","type-post","status-publish","format-standard","has-post-thumbnail","hentry","category-artigos","category-editorias","tag-alberto-pasqualini","tag-brasil-moderno","tag-ciro-gomes","tag-democracia","tag-era-vargas","tag-getulio-vargas","tag-trabalhismo"],"acf":[],"_links":{"self":[{"href":"https:\/\/pdt-rj.org.br\/index.php\/wp-json\/wp\/v2\/posts\/73267","targetHints":{"allow":["GET"]}}],"collection":[{"href":"https:\/\/pdt-rj.org.br\/index.php\/wp-json\/wp\/v2\/posts"}],"about":[{"href":"https:\/\/pdt-rj.org.br\/index.php\/wp-json\/wp\/v2\/types\/post"}],"author":[{"embeddable":true,"href":"https:\/\/pdt-rj.org.br\/index.php\/wp-json\/wp\/v2\/users\/17"}],"replies":[{"embeddable":true,"href":"https:\/\/pdt-rj.org.br\/index.php\/wp-json\/wp\/v2\/comments?post=73267"}],"version-history":[{"count":5,"href":"https:\/\/pdt-rj.org.br\/index.php\/wp-json\/wp\/v2\/posts\/73267\/revisions"}],"predecessor-version":[{"id":73273,"href":"https:\/\/pdt-rj.org.br\/index.php\/wp-json\/wp\/v2\/posts\/73267\/revisions\/73273"}],"wp:featuredmedia":[{"embeddable":true,"href":"https:\/\/pdt-rj.org.br\/index.php\/wp-json\/wp\/v2\/media\/73275"}],"wp:attachment":[{"href":"https:\/\/pdt-rj.org.br\/index.php\/wp-json\/wp\/v2\/media?parent=73267"}],"wp:term":[{"taxonomy":"category","embeddable":true,"href":"https:\/\/pdt-rj.org.br\/index.php\/wp-json\/wp\/v2\/categories?post=73267"},{"taxonomy":"post_tag","embeddable":true,"href":"https:\/\/pdt-rj.org.br\/index.php\/wp-json\/wp\/v2\/tags?post=73267"}],"curies":[{"name":"wp","href":"https:\/\/api.w.org\/{rel}","templated":true}]}}