{"id":73244,"date":"2020-08-22T03:06:59","date_gmt":"2020-08-22T06:06:59","guid":{"rendered":"http:\/\/pdt-rj.org.br\/?p=73244"},"modified":"2020-08-22T03:06:59","modified_gmt":"2020-08-22T06:06:59","slug":"trabalhismo-na-historia-zeca-brito-conta-bastidores-do-filme-legalidade","status":"publish","type":"post","link":"https:\/\/pdt-rj.org.br\/index.php\/trabalhismo-na-historia-zeca-brito-conta-bastidores-do-filme-legalidade\/","title":{"rendered":"Trabalhismo na Hist\u00f3ria: Zeca Brito conta bastidores do filme Legalidade"},"content":{"rendered":"<p><strong><em>Diretor da produ\u00e7\u00e3o nacional destaca a import\u00e2ncia de retratar parte do legado de Brizola no cinema<\/em><\/strong><\/p>\n<p>&nbsp;<\/p>\n<p>A experi\u00eancia de levar para a tela do cinema os intensos e marcantes momentos de Leonel Brizola, em 1961, foi contada pelo diretor do filme Legalidade, Zeca Brito, durante a nova edi\u00e7\u00e3o do programa \u2018Trabalhismo na Hist\u00f3ria\u2019, que foi lan\u00e7ado nesta sexta-feira (21), no canal oficial do Centro de Mem\u00f3ria Trabalhista (CMT) no YouTube.<\/p>\n<p>Durante a entrevista para o coordenador do CMT, Henrique Matthiesen, o cineasta detalhou os bastidores das grava\u00e7\u00f5es, a import\u00e2ncia da hist\u00f3ria retratada pela produ\u00e7\u00e3o nacional, a influ\u00eancia de lideran\u00e7as na sua vida pessoal, bem como sua paix\u00e3o pela arte audiovisual.<\/p>\n<p>\u201cO filme mostra o recorte da vis\u00e3o do Brizola. O que ele pensaria, como reagiria e tamb\u00e9m desejaria que a hist\u00f3ria tivesse sido contada, acredito eu. E vendo a resposta dos familiares, conseguimos chegar nesse objetivo\u201d, disse Brito.<\/p>\n<p>\u201cA gente fez sem nenhum tipo de restri\u00e7\u00e3o a nada. Em todos os epis\u00f3dios que buscamos contar, como passagens da vida pessoal do Brizola e a intimidade com a Dona Neusa, a fam\u00edlia disse que eram importantes de serem relatados. Buscamos honrar uma hist\u00f3ria\u201d, explica.<\/p>\n<p>Indicando que seus produtos trazem questionamentos ligados \u00e0s transforma\u00e7\u00f5es sociais que a sociedade conquista atrav\u00e9s da pol\u00edtica, Britto avalia as dificuldades do cinema brasileiro e a import\u00e2ncia da insist\u00eancia para quebrar barreiras e paradigmas.<\/p>\n<p>\u201cFazer um filme, no Brasil, j\u00e1 \u00e9 muito dif\u00edcil. E tratar de quest\u00f5es pol\u00edticas, ou hist\u00f3ricas, \u00e9 ainda mais dif\u00edcil, pois grande parte (das passagens) n\u00e3o foi contada porque incomodava e chegava at\u00e9 certos privil\u00e9gios e oligarquias que est\u00e3o a\u00ed, at\u00e9 hoje. Ironicamente, a gente vive em uma democracia que despreza a cultura. \u00c9 contradit\u00f3rio\u201d, critica.<\/p>\n<p>Ra\u00edzes<\/p>\n<p>Ao citar o aprendizado desde os primeiros contatos com uma c\u00e2mera, o cineasta relata o v\u00ednculo com o ambiente pol\u00edtico para o desenvolvimento n\u00e3o somente t\u00e9cnico, mas tamb\u00e9m como cidad\u00e3o.<\/p>\n<p>\u201cMeu pai trabalhou muito, voluntariamente como trabalhista, em v\u00e1rias elei\u00e7\u00f5es na parte do audiovisual em Baj\u00e9 (RS), o meu munic\u00edpio. Ent\u00e3o, desde crian\u00e7a, estava ali nos bastidores das campanhas de vereadores e prefeitos com muito conte\u00fado sendo feito, desde depoimentos at\u00e9 hist\u00f3rias de vida\u201d, comenta.<\/p>\n<p>\u201cPor ser de uma fam\u00edlia trabalhista e brizolista, acima de tudo, que \u00e9 uma paix\u00e3o que est\u00e1 na nossa forma\u00e7\u00e3o humana, temos as refer\u00eancias e os exemplos do Brizola. Tenho, portanto, a mem\u00f3ria do meu pai falando muito das ideias dele, como o ensino integral e a educa\u00e7\u00e3o como instrumento de desenvolvimento\u201d, acrescenta, ao tamb\u00e9m elogiar o legado de Darcy Ribeiro a partir do livro \u2018O Povo Brasileiro\u2019.<\/p>\n<p>Realiza\u00e7\u00e3o<\/p>\n<p>Com Cleo Pires, Leonardo Machado e Fernando Alves Pinto no elenco, o t\u00edtulo lan\u00e7ado, em setembro de 2019, retrata o ano de 1961, onde ent\u00e3o governador do Rio Grande do Sul, Brizola, organiza e lidera um movimento denominado Legalidade. Marcante, a mobiliza\u00e7\u00e3o de resist\u00eancia democr\u00e1tica re\u00fane milh\u00f5es de brasileiros para impedir um golpe militar e, assim, garantir a posse de Jo\u00e3o Goulart como presidente da Rep\u00fablica.<\/p>\n<p>Acompanhe, na \u00edntegra, a entrevista:<\/p>\n<p><iframe loading=\"lazy\" title=\"Entrevista #1 - Trabalhismo na Hist\u00f3ria com Zeca Brito.\" width=\"640\" height=\"360\" src=\"https:\/\/www.youtube.com\/embed\/_aXnvQjS3E4?feature=oembed\" frameborder=\"0\" allow=\"accelerometer; autoplay; clipboard-write; encrypted-media; gyroscope; picture-in-picture; web-share\" referrerpolicy=\"strict-origin-when-cross-origin\" allowfullscreen><\/iframe><\/p>\n<p>Confira ainda o trailer internacional do filme:<\/p>\n<p>https:\/\/www.facebook.com\/LupiPDT\/videos\/303409310339508<\/p>\n<!-- AddThis Advanced Settings generic via filter on the_content --><!-- AddThis Share Buttons generic via filter on the_content -->","protected":false},"excerpt":{"rendered":"<p>Diretor da produ\u00e7\u00e3o nacional destaca a import\u00e2ncia de retratar parte do legado de Brizola no cinema &nbsp; A experi\u00eancia de levar para a tela do cinema os intensos e marcantes momentos de Leonel Brizola, em 1961, foi contada pelo diretor do filme Legalidade, Zeca Brito, durante a nova edi\u00e7\u00e3o do programa \u2018Trabalhismo na Hist\u00f3ria\u2019, que&#8230;<!-- AddThis Advanced Settings generic via filter on wp_trim_excerpt --><!-- AddThis Share Buttons generic via filter on wp_trim_excerpt --><\/p>\n","protected":false},"author":17,"featured_media":73245,"comment_status":"closed","ping_status":"closed","sticky":false,"template":"","format":"standard","meta":{"_monsterinsights_skip_tracking":false,"_monsterinsights_sitenote_active":false,"_monsterinsights_sitenote_note":"","_monsterinsights_sitenote_category":0,"_uf_show_specific_survey":0,"_uf_disable_surveys":false,"footnotes":""},"categories":[1390,1400,3328],"tags":[],"class_list":["post-73244","post","type-post","status-publish","format-standard","has-post-thumbnail","hentry","category-editorias","category-entrevistas","category-flb-ap"],"acf":[],"_links":{"self":[{"href":"https:\/\/pdt-rj.org.br\/index.php\/wp-json\/wp\/v2\/posts\/73244","targetHints":{"allow":["GET"]}}],"collection":[{"href":"https:\/\/pdt-rj.org.br\/index.php\/wp-json\/wp\/v2\/posts"}],"about":[{"href":"https:\/\/pdt-rj.org.br\/index.php\/wp-json\/wp\/v2\/types\/post"}],"author":[{"embeddable":true,"href":"https:\/\/pdt-rj.org.br\/index.php\/wp-json\/wp\/v2\/users\/17"}],"replies":[{"embeddable":true,"href":"https:\/\/pdt-rj.org.br\/index.php\/wp-json\/wp\/v2\/comments?post=73244"}],"version-history":[{"count":1,"href":"https:\/\/pdt-rj.org.br\/index.php\/wp-json\/wp\/v2\/posts\/73244\/revisions"}],"predecessor-version":[{"id":73246,"href":"https:\/\/pdt-rj.org.br\/index.php\/wp-json\/wp\/v2\/posts\/73244\/revisions\/73246"}],"wp:featuredmedia":[{"embeddable":true,"href":"https:\/\/pdt-rj.org.br\/index.php\/wp-json\/wp\/v2\/media\/73245"}],"wp:attachment":[{"href":"https:\/\/pdt-rj.org.br\/index.php\/wp-json\/wp\/v2\/media?parent=73244"}],"wp:term":[{"taxonomy":"category","embeddable":true,"href":"https:\/\/pdt-rj.org.br\/index.php\/wp-json\/wp\/v2\/categories?post=73244"},{"taxonomy":"post_tag","embeddable":true,"href":"https:\/\/pdt-rj.org.br\/index.php\/wp-json\/wp\/v2\/tags?post=73244"}],"curies":[{"name":"wp","href":"https:\/\/api.w.org\/{rel}","templated":true}]}}