{"id":73232,"date":"2020-08-21T16:31:20","date_gmt":"2020-08-21T19:31:20","guid":{"rendered":"http:\/\/pdt-rj.org.br\/?p=73232"},"modified":"2020-08-24T23:08:28","modified_gmt":"2020-08-25T02:08:28","slug":"para-ciro-fake-news-pode-mudar-curso-eleitoral","status":"publish","type":"post","link":"https:\/\/pdt-rj.org.br\/index.php\/para-ciro-fake-news-pode-mudar-curso-eleitoral\/","title":{"rendered":"Para Ciro, fake news pode mudar curso eleitoral"},"content":{"rendered":"<p>O vice-presidente nacional do PDT, Ciro Gomes, participou de um debate online sobre fake news, na noite de ontem (20). O evento foi uma transmiss\u00e3o ao vivo do movimento \u201cJanelas Tem\u00e1ticas\u201d que re\u00fane os partidos: PSB, PDT, Rede, Partido Verde, Cidadania e PCdoB.<\/p>\n<p>Combater a dissemina\u00e7\u00e3o de not\u00edcias falsas tem sido um grande desafio tanto para o Brasil quanto para outras na\u00e7\u00f5es. Por aqui, a Comiss\u00e3o Parlamentar Mista de Inqu\u00e9rito (CPMI) das Fake News tem sido a maior frente de enfrentamento \u00e0 pr\u00e1tica que, dentre outros malef\u00edcios, influenciou diretamente o resultado das elei\u00e7\u00f5es de 2018.<\/p>\n<p>Ciro exp\u00f4s que o problema deve ser visto em duas perspectivas diferentes. A primeira diz respeito ao problema mundial do uso das redes, envolvendo diversos pa\u00edses, protocolos e pr\u00e1ticas internacionais, a fim de promover responsabilidade e um ambiente saud\u00e1vel na internet. J\u00e1 a segunda se refere a quest\u00e3o imediata da democracia brasileira para que os resultados eleitorais n\u00e3o sejam alterados por dissemina\u00e7\u00e3o de informa\u00e7\u00f5es fict\u00edcias.<\/p>\n<p>O vice-presidente do PDT afirmou que o eleitor se alimenta de informa\u00e7\u00e3o para decidir em quem vota. Portanto, desinformar adultera essa escolha. \u201cA informa\u00e7\u00e3o tem que ser protegida de maneira que ela chegue de forma igual para todo mundo e que ningu\u00e9m seja manipulado [&#8230;] que a pessoa seja livre para tomar conhecimento de tudo que o debate puder lhe apresentar e escolher [seu candidato]\u201d, disse.<\/p>\n<p>Outro ponto levantado por Ciro \u00e9: Quem financia a dissemina\u00e7\u00e3o das fake news? O l\u00edder pedetista defende que o combate a este crime passa pelo rastreamento do dinheiro. \u201cN\u00e3o \u00e9 s\u00f3 a quest\u00e3o da cal\u00fania e da mentira. \u00c9 dinheiro sujo. [&#8230;] se a gente n\u00e3o tiver como perseguir o caminho dos dinheiros, persegui-los e vigi\u00e1-los, amanh\u00e3 \u2013 e digo amanh\u00e3 para n\u00e3o chorar sob o leite derramado de hoje \u2013 o narcotr\u00e1fico vai fazer uma bancada\u201d, alertou.<\/p>\n<p>A transmiss\u00e3o do \u201cJanelas Tem\u00e1ticas\u201d contou ainda com a presen\u00e7a de Marina Silva (Rede), Jos\u00e9 Luiz Penna (PV), da deputada federal L\u00eddice da Mata (PSB) e do deputado federal Orlando Silva (PCdoB-SP).<\/p>\n<p>Confira abaixo o debate na \u00edntegra.<\/p>\n<p><iframe loading=\"lazy\" src=\"\/\/www.youtube.com\/embed\/pGUIF0ygKcw\" width=\"560\" height=\"315\" frameborder=\"0\" allowfullscreen=\"allowfullscreen\"><\/iframe><\/p>\n<!-- AddThis Advanced Settings generic via filter on the_content --><!-- AddThis Share Buttons generic via filter on the_content -->","protected":false},"excerpt":{"rendered":"<p>O vice-presidente nacional do PDT, Ciro Gomes, participou de um debate online sobre fake news, na noite de ontem (20). O evento foi uma transmiss\u00e3o ao vivo do movimento \u201cJanelas Tem\u00e1ticas\u201d que re\u00fane os partidos: PSB, PDT, Rede, Partido Verde, Cidadania e PCdoB. Combater a dissemina\u00e7\u00e3o de not\u00edcias falsas tem sido um grande desafio tanto&#8230;<!-- AddThis Advanced Settings generic via filter on wp_trim_excerpt --><!-- AddThis Share Buttons generic via filter on wp_trim_excerpt --><\/p>\n","protected":false},"author":17,"featured_media":73233,"comment_status":"closed","ping_status":"closed","sticky":false,"template":"","format":"standard","meta":{"_monsterinsights_skip_tracking":false,"_monsterinsights_sitenote_active":false,"_monsterinsights_sitenote_note":"","_monsterinsights_sitenote_category":0,"_uf_show_specific_survey":0,"_uf_disable_surveys":false,"footnotes":""},"categories":[1390,975,1401,976],"tags":[3795,2878,3888],"class_list":["post-73232","post","type-post","status-publish","format-standard","has-post-thumbnail","hentry","category-editorias","category-manchete","category-nacional","category-noticias-em-destaque","tag-comissao-parlamentar-mista-de-inquerito","tag-fake-news","tag-janelas-tematicas"],"acf":[],"_links":{"self":[{"href":"https:\/\/pdt-rj.org.br\/index.php\/wp-json\/wp\/v2\/posts\/73232","targetHints":{"allow":["GET"]}}],"collection":[{"href":"https:\/\/pdt-rj.org.br\/index.php\/wp-json\/wp\/v2\/posts"}],"about":[{"href":"https:\/\/pdt-rj.org.br\/index.php\/wp-json\/wp\/v2\/types\/post"}],"author":[{"embeddable":true,"href":"https:\/\/pdt-rj.org.br\/index.php\/wp-json\/wp\/v2\/users\/17"}],"replies":[{"embeddable":true,"href":"https:\/\/pdt-rj.org.br\/index.php\/wp-json\/wp\/v2\/comments?post=73232"}],"version-history":[{"count":7,"href":"https:\/\/pdt-rj.org.br\/index.php\/wp-json\/wp\/v2\/posts\/73232\/revisions"}],"predecessor-version":[{"id":73299,"href":"https:\/\/pdt-rj.org.br\/index.php\/wp-json\/wp\/v2\/posts\/73232\/revisions\/73299"}],"wp:featuredmedia":[{"embeddable":true,"href":"https:\/\/pdt-rj.org.br\/index.php\/wp-json\/wp\/v2\/media\/73233"}],"wp:attachment":[{"href":"https:\/\/pdt-rj.org.br\/index.php\/wp-json\/wp\/v2\/media?parent=73232"}],"wp:term":[{"taxonomy":"category","embeddable":true,"href":"https:\/\/pdt-rj.org.br\/index.php\/wp-json\/wp\/v2\/categories?post=73232"},{"taxonomy":"post_tag","embeddable":true,"href":"https:\/\/pdt-rj.org.br\/index.php\/wp-json\/wp\/v2\/tags?post=73232"}],"curies":[{"name":"wp","href":"https:\/\/api.w.org\/{rel}","templated":true}]}}