{"id":73215,"date":"2020-08-20T21:20:18","date_gmt":"2020-08-21T00:20:18","guid":{"rendered":"http:\/\/pdt-rj.org.br\/?p=73215"},"modified":"2020-08-20T21:20:18","modified_gmt":"2020-08-21T00:20:18","slug":"amanda-anderson-coloca-a-nucleacao-como-saida-para-um-brasil-mais-igual","status":"publish","type":"post","link":"https:\/\/pdt-rj.org.br\/index.php\/amanda-anderson-coloca-a-nucleacao-como-saida-para-um-brasil-mais-igual\/","title":{"rendered":"Amanda Anderson coloca a nuclea\u00e7\u00e3o como sa\u00edda para um Brasil mais igual"},"content":{"rendered":"<div dir=\"ltr\">\n<p class=\"yiv0450339699MsoNormal\"><em><b>A presidente nacional do PDT Diversidade valorizou a mobiliza\u00e7\u00e3o contra o fascista Bolsonaro<\/b><\/em><\/p>\n<p>&nbsp;<\/p>\n<p class=\"yiv0450339699MsoNormal\">\u201cO PDT \u00e9 o partido que continua lutando pela educa\u00e7\u00e3o, pelo trabalhador e pela emancipa\u00e7\u00e3o do nosso povo\u201d, afirma a presidente nacional do PDT Diversidade, Amanda Anderson, durante a segunda edi\u00e7\u00e3o do \u2018Quintas Trabalhistas\u2019. Abordando os desafios e o papel do trabalhismo a partir da milit\u00e2ncia organizada, o debate virtual foi realizado nas redes da Funda\u00e7\u00e3o Leonel Brizola \u2013 Alberto Pasqualini (FLB-AP) neste dia 20 de agosto.<\/p>\n<p class=\"yiv0450339699MsoNormal\">\u201cLutamos, na mobiliza\u00e7\u00e3o trabalhista, para reconstruir o pa\u00eds e superar as dificuldades que estamos vivenciando com o desgoverno fascista do Jair Bolsonaro. E a sa\u00edda para uma na\u00e7\u00e3o mais igualit\u00e1ria e plural passa pelo projeto de n\u00facleos de base, que estimula a organiza\u00e7\u00e3o e a constru\u00e7\u00e3o da consci\u00eancia pol\u00edtica pelo conhecimento\u201d, relata Amanda, ao destacar as realiza\u00e7\u00f5es promovidas nos estados e munic\u00edpios durante a apresenta\u00e7\u00e3o dos presidentes do movimento em Santa Catarina e em S\u00e3o Gon\u00e7alo (RJ) e pr\u00e9-candidatos a vereador, Marciano Diogo e Luana Rayala, respectivamente.<\/p>\n<p class=\"yiv0450339699MsoNormal\">O presidente da FLB-AP e secret\u00e1rio-geral nacional do partido, Manoel Dias, que fez a media\u00e7\u00e3o do encontro, exaltou a import\u00e2ncia das representa\u00e7\u00f5es pedetistas para quebrar o hist\u00f3rico preconceito na sociedade e, assim, gerar a necess\u00e1ria igualdade para o progresso.<\/p>\n<p class=\"yiv0450339699MsoNormal\">\u201cO Trabalhismo \u00e9 a proposta mais adequada para o momento que estamos vivendo. Desde Get\u00falio Vargas, com a Revolu\u00e7\u00e3o de 30, contribu\u00edmos para colocar o Brasil no caminho do desenvolvimento. A inclus\u00e3o do povo e a garantia da igualdade para todos sempre estiveram entre as prioridades que integram as bandeiras do PDT\u201d, comenta Dias, ao citar o Projeto Nacional de Desenvolvimento (PND), liderado por Ciro Gomes e associado \u00e0 relev\u00e2ncia do Estado moderno, social, presente e eficiente.<\/p>\n<p class=\"yiv0450339699MsoNormal\">Nesse sentido, Marciano Diogo destacou a abertura da sigla para acolher novos militantes e ampliar, segundo ele, o combate \u00e0 onda fascista que fomenta retrocessos, como a perda de direitos trabalhistas.<\/p>\n<p class=\"yiv0450339699MsoNormal\">\u201cO PND agrega todas as camadas sociais, principiante os invis\u00edveis, que s\u00e3o renegados pelo Estado, at\u00e9 ent\u00e3o. O PDT vem como esta oposi\u00e7\u00e3o propositiva que d\u00e1 voz \u00e0s pessoas que, normalmente, n\u00e3o teriam. Logo no come\u00e7o, quando me filiei, j\u00e1 me identifiquei com o movimento\u201d, disse.<\/p>\n<p class=\"yiv0450339699MsoNormal\">Para refor\u00e7ar a import\u00e2ncia da an\u00e1lise de sa\u00eddas vi\u00e1veis, Luana Rayala citou o livro &#8220;Projeto Nacional: O Dever da Esperan\u00e7a&#8221;, de Ciro Gomes, que foi recentemente lan\u00e7ado e est\u00e1 entre os mais vendidos no Brasil.<\/p>\n<p class=\"yiv0450339699MsoNormal\">\u201cCiro mostra a preocupa\u00e7\u00e3o com o emprego e a renda-m\u00ednima no p\u00f3s-pandemia, que est\u00e3o afetados diretamente e sem propostas de restabelecimento (pelo governo Bolsonaro). Na grande maioria dos munic\u00edpios, a popula\u00e7\u00e3o mais humilde &#8211; com expressiva falta de forma\u00e7\u00e3o -, acabam sofrendo mais. Por isso, precisamos de representantes comprometidos com as nossas causas\u201d, comentou Rayala, ao concluir: \u201cTemos que fazer essa defesa trabalhista. O que n\u00e3o d\u00e1 \u00e9 para deixar as pessoas para tr\u00e1s no processo de crescimento do pa\u00eds\u201d.<\/p>\n<p class=\"yiv0450339699MsoNormal\">Transmitido pelo Est\u00fadio Legalidade e a Central de M\u00eddias Sociais, o programa est\u00e1 dispon\u00edvel, na \u00edntegra, no canal da FLB-AP no Youtube:<\/p>\n<p><iframe loading=\"lazy\" title=\"QUINTAS TRABALHISTAS - Movimento Diversidade do PDT\" width=\"640\" height=\"360\" src=\"https:\/\/www.youtube.com\/embed\/tsR-YR-4IZo?feature=oembed\" frameborder=\"0\" allow=\"accelerometer; autoplay; clipboard-write; encrypted-media; gyroscope; picture-in-picture; web-share\" referrerpolicy=\"strict-origin-when-cross-origin\" allowfullscreen><\/iframe><\/p>\n<p>&nbsp;<\/p>\n<\/div>\n<!-- AddThis Advanced Settings generic via filter on the_content --><!-- AddThis Share Buttons generic via filter on the_content -->","protected":false},"excerpt":{"rendered":"<p>A presidente nacional do PDT Diversidade valorizou a mobiliza\u00e7\u00e3o contra o fascista Bolsonaro &nbsp; \u201cO PDT \u00e9 o partido que continua lutando pela educa\u00e7\u00e3o, pelo trabalhador e pela emancipa\u00e7\u00e3o do nosso povo\u201d, afirma a presidente nacional do PDT Diversidade, Amanda Anderson, durante a segunda edi\u00e7\u00e3o do \u2018Quintas Trabalhistas\u2019. Abordando os desafios e o papel do&#8230;<!-- AddThis Advanced Settings generic via filter on wp_trim_excerpt --><!-- AddThis Share Buttons generic via filter on wp_trim_excerpt --><\/p>\n","protected":false},"author":17,"featured_media":73216,"comment_status":"closed","ping_status":"closed","sticky":false,"template":"","format":"standard","meta":{"_monsterinsights_skip_tracking":false,"_monsterinsights_sitenote_active":false,"_monsterinsights_sitenote_note":"","_monsterinsights_sitenote_category":0,"_uf_show_specific_survey":0,"_uf_disable_surveys":false,"footnotes":""},"categories":[1390],"tags":[],"class_list":["post-73215","post","type-post","status-publish","format-standard","has-post-thumbnail","hentry","category-editorias"],"acf":[],"_links":{"self":[{"href":"https:\/\/pdt-rj.org.br\/index.php\/wp-json\/wp\/v2\/posts\/73215","targetHints":{"allow":["GET"]}}],"collection":[{"href":"https:\/\/pdt-rj.org.br\/index.php\/wp-json\/wp\/v2\/posts"}],"about":[{"href":"https:\/\/pdt-rj.org.br\/index.php\/wp-json\/wp\/v2\/types\/post"}],"author":[{"embeddable":true,"href":"https:\/\/pdt-rj.org.br\/index.php\/wp-json\/wp\/v2\/users\/17"}],"replies":[{"embeddable":true,"href":"https:\/\/pdt-rj.org.br\/index.php\/wp-json\/wp\/v2\/comments?post=73215"}],"version-history":[{"count":1,"href":"https:\/\/pdt-rj.org.br\/index.php\/wp-json\/wp\/v2\/posts\/73215\/revisions"}],"predecessor-version":[{"id":73217,"href":"https:\/\/pdt-rj.org.br\/index.php\/wp-json\/wp\/v2\/posts\/73215\/revisions\/73217"}],"wp:featuredmedia":[{"embeddable":true,"href":"https:\/\/pdt-rj.org.br\/index.php\/wp-json\/wp\/v2\/media\/73216"}],"wp:attachment":[{"href":"https:\/\/pdt-rj.org.br\/index.php\/wp-json\/wp\/v2\/media?parent=73215"}],"wp:term":[{"taxonomy":"category","embeddable":true,"href":"https:\/\/pdt-rj.org.br\/index.php\/wp-json\/wp\/v2\/categories?post=73215"},{"taxonomy":"post_tag","embeddable":true,"href":"https:\/\/pdt-rj.org.br\/index.php\/wp-json\/wp\/v2\/tags?post=73215"}],"curies":[{"name":"wp","href":"https:\/\/api.w.org\/{rel}","templated":true}]}}