{"id":73203,"date":"2020-08-20T17:02:49","date_gmt":"2020-08-20T20:02:49","guid":{"rendered":"http:\/\/pdt-rj.org.br\/?p=73203"},"modified":"2020-08-20T19:13:54","modified_gmt":"2020-08-20T22:13:54","slug":"rodrigo-neves-assina-contrato-para-inicio-das-obras-de-recuperacao-ambiental-da-lagoa-de-piratininga-rj","status":"publish","type":"post","link":"https:\/\/pdt-rj.org.br\/index.php\/rodrigo-neves-assina-contrato-para-inicio-das-obras-de-recuperacao-ambiental-da-lagoa-de-piratininga-rj\/","title":{"rendered":"Rodrigo Neves assina contrato para in\u00edcio das obras de recupera\u00e7\u00e3o ambiental da Lagoa de Piratininga (RJ)"},"content":{"rendered":"<p>O pr\u00e9-candidato a prefeito de Niter\u00f3i, o engenheiro florestal e ambientalista Axel Grael (PDT), manifestou satisfa\u00e7\u00e3o na sua p\u00e1gina pessoal no Facebook pelo contrato assinado, hoje (20), para dar in\u00edcio \u00e0s obras de recupera\u00e7\u00e3o ambiental da Lagoa de Piratininga. &#8220;\u00c9 um dia hist\u00f3rico, um enorme passo em dire\u00e7\u00e3o a um sonho que comecei a acalentar no in\u00edcio da d\u00e9cada de 1980\u201d, \u00e9poca em que era apenas dirigente do Movimento de Resist\u00eancia Ecol\u00f3gica (More), uma das primeiras ONGs ambientalistas de Niter\u00f3i.<\/p>\n<p>\u201cSempre soube que as lagoas de Piratininga e Itaipu poderiam ser salvas e que eu tinha uma responsabilidade enorme nisso. E veio a oportunidade quando me tornei vice-prefeito e, posteriormente, secret\u00e1rio municipal. Foi com esta convic\u00e7\u00e3o e com o apoio do prefeito Rodrigo Neves, que me lancei a estruturar o Programa Regi\u00e3o Oce\u00e2nica Sustent\u00e1vel (PRO Sustent\u00e1vel), que inclui o Parque Orla de Piratininga (POP) e muitas outras a\u00e7\u00f5es de investimento em infraestrutura e sustentabilidade para a regi\u00e3o\u201d, explicou Axel na sua publica\u00e7\u00e3o.<\/p>\n<p>Sobre o planejamento e prepara\u00e7\u00e3o do PRO que ir\u00e1 come\u00e7ar agora, ele acrescenta \u201ccaptamos recursos para isso junto \u00e0 CAF, um banco multilateral, gra\u00e7as ao intenso trabalho e dedica\u00e7\u00e3o de uma forte equipe. O Parque Orla de Piratininga (POP) \u00e9 uma grande inova\u00e7\u00e3o e um enorme avan\u00e7o para a Regi\u00e3o Oce\u00e2nica e Niter\u00f3i rumo \u00e0 sustentabilidade. Gratid\u00e3o a toda a equipe do Pro Sustent\u00e1vel e, em especial, ao prefeito Rodrigo Neves\u201d, assinalou Axel.<\/p>\n<p>As lagunas de Piratininga e de Itaipu, ao lado, eram lagoas de arrebenta\u00e7\u00e3o (rompiam para o mar no ver\u00e3o, com as chuvas) que tiveram o seu regime de \u00e1guas modificado primeiro com a constru\u00e7\u00e3o do canal de Camboat\u00e1, na d\u00e9cada de 40, para sanear o entorno de Piratininga \u2013 onde era grande a incid\u00eancia de mal\u00e1ria \u2013 por conta das caracter\u00edsticas de suas \u00e1guas, salobras, viveiro de mosquitos. Com a abertura do canal, os espelhos d\u2019\u00e1gua de Piratininga e Itaipu, que eram independentes, ficaram iguais \u2013 ao mesmo tempo em que secou bastante o entorno de Piratinga, combatendo parcialmente a prolifera\u00e7\u00e3o de mosquitos. E, claro, facilitando o loteamento de suas margens que antes eram anualmente alagadas, nas cheias.<\/p>\n<p>As lagoas funcionavam como viveiro de peixes, camar\u00f5es e aves marinhas. Mas no final da d\u00e9cada de 70, outra interven\u00e7\u00e3o \u2013 esta ainda mais dr\u00e1stica \u2013 mudou totalmente o regime das \u00e1guas das lagoas: a Veplan Imobili\u00e1ria fez uma dragagem do fundo da lagoa de Itaipu, aumentou a margem de areia junto ao mar, fez o loteamento que originou o bairro de Camboinhas \u2013 e tamb\u00e9m abriu um canal permanente da lagoa de Itaipu com o mar com a inten\u00e7\u00e3o de construir um acesso permanente da lagoa com o mar \u2013 rompendo o ciclo das \u00e1guas das lagoas.<\/p>\n<p>Por causa da dragagem de Itaipu, tornando-a mais baixa do que Piratinga, esta come\u00e7ou a esvaziar, aumentando cada vez mais suas margens \u2013 que foram ocupadas (chegou a existir a figura do lote subaqu\u00e1tico de Piratininga na legisla\u00e7\u00e3o de solo de Niter\u00f3i) de forma legal\u00a0 e ilegal. Hoje a Lagoa de Piratininga est\u00e1 assoreada e com grav\u00edssimos problemas, a lagoa de Itaipu teve tamb\u00e9m o seu espelho d\u201d\u00e1gua drasticamente reduzido, seu entorno virou uma esp\u00e9cie de manguezal, ao sabor da mar\u00e9.<\/p>\n<!-- AddThis Advanced Settings generic via filter on the_content --><!-- AddThis Share Buttons generic via filter on the_content -->","protected":false},"excerpt":{"rendered":"<p>O pr\u00e9-candidato a prefeito de Niter\u00f3i, o engenheiro florestal e ambientalista Axel Grael (PDT), manifestou satisfa\u00e7\u00e3o na sua p\u00e1gina pessoal no Facebook pelo contrato assinado, hoje (20), para dar in\u00edcio \u00e0s obras de recupera\u00e7\u00e3o ambiental da Lagoa de Piratininga. &#8220;\u00c9 um dia hist\u00f3rico, um enorme passo em dire\u00e7\u00e3o a um sonho que comecei a acalentar&#8230;<!-- AddThis Advanced Settings generic via filter on wp_trim_excerpt --><!-- AddThis Share Buttons generic via filter on wp_trim_excerpt --><\/p>\n","protected":false},"author":17,"featured_media":73209,"comment_status":"closed","ping_status":"closed","sticky":false,"template":"","format":"standard","meta":{"_monsterinsights_skip_tracking":false,"_monsterinsights_sitenote_active":false,"_monsterinsights_sitenote_note":"","_monsterinsights_sitenote_category":0,"_uf_show_specific_survey":0,"_uf_disable_surveys":false,"footnotes":""},"categories":[1390,1402],"tags":[3883,2728,3882,3169],"class_list":["post-73203","post","type-post","status-publish","format-standard","has-post-thumbnail","hentry","category-editorias","category-cidades","tag-lagoa-de-piratininga","tag-pdt-rio-de-janeiro","tag-programa-regiao-oceanica-sustentavel","tag-rodrigo-neves"],"acf":[],"_links":{"self":[{"href":"https:\/\/pdt-rj.org.br\/index.php\/wp-json\/wp\/v2\/posts\/73203","targetHints":{"allow":["GET"]}}],"collection":[{"href":"https:\/\/pdt-rj.org.br\/index.php\/wp-json\/wp\/v2\/posts"}],"about":[{"href":"https:\/\/pdt-rj.org.br\/index.php\/wp-json\/wp\/v2\/types\/post"}],"author":[{"embeddable":true,"href":"https:\/\/pdt-rj.org.br\/index.php\/wp-json\/wp\/v2\/users\/17"}],"replies":[{"embeddable":true,"href":"https:\/\/pdt-rj.org.br\/index.php\/wp-json\/wp\/v2\/comments?post=73203"}],"version-history":[{"count":5,"href":"https:\/\/pdt-rj.org.br\/index.php\/wp-json\/wp\/v2\/posts\/73203\/revisions"}],"predecessor-version":[{"id":73212,"href":"https:\/\/pdt-rj.org.br\/index.php\/wp-json\/wp\/v2\/posts\/73203\/revisions\/73212"}],"wp:featuredmedia":[{"embeddable":true,"href":"https:\/\/pdt-rj.org.br\/index.php\/wp-json\/wp\/v2\/media\/73209"}],"wp:attachment":[{"href":"https:\/\/pdt-rj.org.br\/index.php\/wp-json\/wp\/v2\/media?parent=73203"}],"wp:term":[{"taxonomy":"category","embeddable":true,"href":"https:\/\/pdt-rj.org.br\/index.php\/wp-json\/wp\/v2\/categories?post=73203"},{"taxonomy":"post_tag","embeddable":true,"href":"https:\/\/pdt-rj.org.br\/index.php\/wp-json\/wp\/v2\/tags?post=73203"}],"curies":[{"name":"wp","href":"https:\/\/api.w.org\/{rel}","templated":true}]}}