{"id":73200,"date":"2020-08-20T15:25:13","date_gmt":"2020-08-20T18:25:13","guid":{"rendered":"http:\/\/pdt-rj.org.br\/?p=73200"},"modified":"2020-08-20T18:16:38","modified_gmt":"2020-08-20T21:16:38","slug":"pdt-colabora-para-a-derrubada-de-vetos-presidenciais-em-propostas-aprovadas-por-deputados-e-senadores","status":"publish","type":"post","link":"https:\/\/pdt-rj.org.br\/index.php\/pdt-colabora-para-a-derrubada-de-vetos-presidenciais-em-propostas-aprovadas-por-deputados-e-senadores\/","title":{"rendered":"PDT colabora para a derrubada de vetos presidenciais em propostas aprovadas por deputados e senadores"},"content":{"rendered":"<p>Em sess\u00e3o remota do Congresso Nacional, realizada nessa quarta-feira (19), os parlamentares analisaram os vetos presidenciais em propostas aprovadas pelos deputados e senadores. Cabe agora, ao presidente Jair Bolsonaro, promulgar as mudan\u00e7as.<\/p>\n<p>Os congressistas derrubaram o veto ao PL 1562\/20 transformada na Lei 14.019\/20, que trata do uso obrigat\u00f3rio, em todo territ\u00f3rio nacional, de m\u00e1scaras em ind\u00fastrias, lojas, templos, escolas e outros locais fechados e \u00e0s multas \u2012 e aos agravantes na reincid\u00eancia \u2012 em caso de descumprimento.<\/p>\n<p>Foram derrubados tamb\u00e9m, o que trata das regras para transfer\u00eancia de terras da Uni\u00e3o para Roraima e Amap\u00e1 (Lei 14.004\/20) e \u00e0 lei que permite \u00e0 Ag\u00eancia Nacional de Vigil\u00e2ncia Sanit\u00e1ria (Anvisa) autorizar, em 72 horas, a importa\u00e7\u00e3o e a distribui\u00e7\u00e3o de medicamentos e equipamentos contra a Covid-19 j\u00e1 liberados para uso no exterior (Lei 14.006\/20).<\/p>\n<p>Bolsonaro vetou ainda 22 pontos da Lei 14.021\/20, sobre as medidas de prote\u00e7\u00e3o social e de combate \u00e0 Covid-19 em territ\u00f3rios ind\u00edgenas e quilombolas. Desse total, foram derrubados vetos \u00e0 obriga\u00e7\u00e3o de o governo garantir a esses povos acesso a \u00e1gua pot\u00e1vel, distribuir gratuitamente materiais de higiene, limpeza e de desinfec\u00e7\u00e3o, ofertar emergencialmente leitos hospitalares e de terapia intensiva e comprar ventiladores e m\u00e1quinas de oxigena\u00e7\u00e3o sangu\u00ednea.<\/p>\n<p>Para o l\u00edder da Oposi\u00e7\u00e3o, deputado Andr\u00e9 Figueiredo (PDT -CE), a derrubada de todos os vetos foi muito importante, mas \u201cpriorizar a sa\u00fade dos povos ind\u00edgenas, principalmente nesse momento cr\u00edtico da sa\u00fade p\u00fablica, \u00e9 garantir a prote\u00e7\u00e3o a esses povos\u201d.<\/p>\n<!-- AddThis Advanced Settings generic via filter on the_content --><!-- AddThis Share Buttons generic via filter on the_content -->","protected":false},"excerpt":{"rendered":"<p>Em sess\u00e3o remota do Congresso Nacional, realizada nessa quarta-feira (19), os parlamentares analisaram os vetos presidenciais em propostas aprovadas pelos deputados e senadores. Cabe agora, ao presidente Jair Bolsonaro, promulgar as mudan\u00e7as. Os congressistas derrubaram o veto ao PL 1562\/20 transformada na Lei 14.019\/20, que trata do uso obrigat\u00f3rio, em todo territ\u00f3rio nacional, de m\u00e1scaras&#8230;<!-- AddThis Advanced Settings generic via filter on wp_trim_excerpt --><!-- AddThis Share Buttons generic via filter on wp_trim_excerpt --><\/p>\n","protected":false},"author":17,"featured_media":73213,"comment_status":"closed","ping_status":"closed","sticky":false,"template":"","format":"standard","meta":{"_monsterinsights_skip_tracking":false,"_monsterinsights_sitenote_active":false,"_monsterinsights_sitenote_note":"","_monsterinsights_sitenote_category":0,"_uf_show_specific_survey":0,"_uf_disable_surveys":false,"footnotes":""},"categories":[976],"tags":[2996,3881,34,2997,3348,3164,842,3880],"class_list":["post-73200","post","type-post","status-publish","format-standard","has-post-thumbnail","hentry","category-noticias-em-destaque","tag-agencia-nacional-de-vigilancia-sanitaria","tag-amapa","tag-andre-figueiredo","tag-anvisa","tag-covid-19","tag-oposicao","tag-roraima","tag-vetos-presidenciais"],"acf":[],"_links":{"self":[{"href":"https:\/\/pdt-rj.org.br\/index.php\/wp-json\/wp\/v2\/posts\/73200","targetHints":{"allow":["GET"]}}],"collection":[{"href":"https:\/\/pdt-rj.org.br\/index.php\/wp-json\/wp\/v2\/posts"}],"about":[{"href":"https:\/\/pdt-rj.org.br\/index.php\/wp-json\/wp\/v2\/types\/post"}],"author":[{"embeddable":true,"href":"https:\/\/pdt-rj.org.br\/index.php\/wp-json\/wp\/v2\/users\/17"}],"replies":[{"embeddable":true,"href":"https:\/\/pdt-rj.org.br\/index.php\/wp-json\/wp\/v2\/comments?post=73200"}],"version-history":[{"count":1,"href":"https:\/\/pdt-rj.org.br\/index.php\/wp-json\/wp\/v2\/posts\/73200\/revisions"}],"predecessor-version":[{"id":73201,"href":"https:\/\/pdt-rj.org.br\/index.php\/wp-json\/wp\/v2\/posts\/73200\/revisions\/73201"}],"wp:featuredmedia":[{"embeddable":true,"href":"https:\/\/pdt-rj.org.br\/index.php\/wp-json\/wp\/v2\/media\/73213"}],"wp:attachment":[{"href":"https:\/\/pdt-rj.org.br\/index.php\/wp-json\/wp\/v2\/media?parent=73200"}],"wp:term":[{"taxonomy":"category","embeddable":true,"href":"https:\/\/pdt-rj.org.br\/index.php\/wp-json\/wp\/v2\/categories?post=73200"},{"taxonomy":"post_tag","embeddable":true,"href":"https:\/\/pdt-rj.org.br\/index.php\/wp-json\/wp\/v2\/tags?post=73200"}],"curies":[{"name":"wp","href":"https:\/\/api.w.org\/{rel}","templated":true}]}}