{"id":73179,"date":"2020-08-18T18:41:09","date_gmt":"2020-08-18T21:41:09","guid":{"rendered":"http:\/\/pdt-rj.org.br\/?p=73179"},"modified":"2020-08-18T18:41:29","modified_gmt":"2020-08-18T21:41:29","slug":"centro-de-memoria-trabalhista-lanca-podcasts-com-audios-de-leonel-brizola","status":"publish","type":"post","link":"https:\/\/pdt-rj.org.br\/index.php\/centro-de-memoria-trabalhista-lanca-podcasts-com-audios-de-leonel-brizola\/","title":{"rendered":"Centro de Mem\u00f3ria Trabalhista lan\u00e7a podcasts com \u00e1udios de Leonel Brizola"},"content":{"rendered":"<p>O Centro de Mem\u00f3ria Trabalhista (CMT) lan\u00e7ou, nesta quarta-feira (19), novos canais digitais para divulgar centenas de conte\u00fados \u2013 muitos in\u00e9ditos \u2013 de lideran\u00e7as nacionais, como Leonel Brizola e Get\u00falio Vargas. Atrav\u00e9s de podcasts gratuitos nas principais plataformas virtuais, a organiza\u00e7\u00e3o vinculada \u00e0 Funda\u00e7\u00e3o Leonel Brizola \u2013 Alberto Pasqualini (FLB-AP) disponibilizar\u00e1, semanalmente, conte\u00fados em \u00e1udio para o p\u00fablico acompanhar de forma pr\u00e1tica e \u00e1gil.<\/p>\n<p>Em programas como o \u2018Fala, Brizola\u2019 e \u2018A Voz Trabalhista\u2019, discursos, mensagens e depoimentos ser\u00e3o resgatados para que o ouvinte possa acompanhar, na hora que quiser, momentos que ajudam a contextualizar a constru\u00e7\u00e3o do Trabalhismo n\u00e3o s\u00f3 no Brasil, mas pelo mundo.<\/p>\n<p>J\u00e1 no primeiro epis\u00f3dio, a manifesta\u00e7\u00e3o de Brizola, em 1997, na cidade de Forquilhinha, no interior de Santa Catarina. Durante o encontro com militantes do PDT, o ent\u00e3o presidente nacional da sigla relembra a marcante mobiliza\u00e7\u00e3o criada, a partir de r\u00e1dios na Cadeia da Legalidade, para permitir, em 1961, a posse de Jo\u00e3o Goulart como presidente da Rep\u00fablica.<\/p>\n<p>Um dos organizadores do evento catarinense, o presidente da FLB-AP e secret\u00e1rio-geral nacional do partido, Manoel Dias, valoriza a import\u00e2ncia n\u00e3o s\u00f3 da preserva\u00e7\u00e3o, mas tamb\u00e9m da acessibilidade aos registros que destacam a relev\u00e2ncia da trajet\u00f3ria dos trabalhistas na defesa da democracia e do povo brasileiro.<\/p>\n<p>\u201cForam momentos marcantes da na\u00e7\u00e3o, principalmente em regi\u00f5es do meu estado, ao longo de d\u00e9cadas. Com a internet, gera\u00e7\u00f5es podem ter a oportunidade de conhecer ou relembrar fatos que nos emocionam at\u00e9 hoje, pois \u00e9 uma luta de uma vida em prol das causas populares\u201d, disse Dias, que \u00e9 ex-deputado estadual cassado pela ditadura militar iniciada em 1964.<\/p>\n<p>Confira os programas nas plataformas:<\/p>\n<p>Apple Podcasts<\/p>\n<p><a href=\"https:\/\/cutt.ly\/9dRav4B\">https:\/\/cutt.ly\/9dRav4B<\/a><\/p>\n<p>Spotify<\/p>\n<p><a href=\"https:\/\/cutt.ly\/adRdtOQ\">https:\/\/cutt.ly\/adRdtOQ<\/a><\/p>\n<p>Google Podcasts<\/p>\n<p><a href=\"https:\/\/cutt.ly\/cdRaFFV\">https:\/\/cutt.ly\/cdRaFFV<\/a><\/p>\n<!-- AddThis Advanced Settings generic via filter on the_content --><!-- AddThis Share Buttons generic via filter on the_content -->","protected":false},"excerpt":{"rendered":"<p>O Centro de Mem\u00f3ria Trabalhista (CMT) lan\u00e7ou, nesta quarta-feira (19), novos canais digitais para divulgar centenas de conte\u00fados \u2013 muitos in\u00e9ditos \u2013 de lideran\u00e7as nacionais, como Leonel Brizola e Get\u00falio Vargas. Atrav\u00e9s de podcasts gratuitos nas principais plataformas virtuais, a organiza\u00e7\u00e3o vinculada \u00e0 Funda\u00e7\u00e3o Leonel Brizola \u2013 Alberto Pasqualini (FLB-AP) disponibilizar\u00e1, semanalmente, conte\u00fados em \u00e1udio&#8230;<!-- AddThis Advanced Settings generic via filter on wp_trim_excerpt --><!-- AddThis Share Buttons generic via filter on wp_trim_excerpt --><\/p>\n","protected":false},"author":17,"featured_media":73180,"comment_status":"closed","ping_status":"closed","sticky":false,"template":"","format":"standard","meta":{"_monsterinsights_skip_tracking":false,"_monsterinsights_sitenote_active":false,"_monsterinsights_sitenote_note":"","_monsterinsights_sitenote_category":0,"_uf_show_specific_survey":0,"_uf_disable_surveys":false,"footnotes":""},"categories":[1390],"tags":[3140,3734,565],"class_list":["post-73179","post","type-post","status-publish","format-standard","has-post-thumbnail","hentry","category-editorias","tag-centro-de-memoria-trabalhista","tag-cmt","tag-leonel-brizola"],"acf":[],"_links":{"self":[{"href":"https:\/\/pdt-rj.org.br\/index.php\/wp-json\/wp\/v2\/posts\/73179","targetHints":{"allow":["GET"]}}],"collection":[{"href":"https:\/\/pdt-rj.org.br\/index.php\/wp-json\/wp\/v2\/posts"}],"about":[{"href":"https:\/\/pdt-rj.org.br\/index.php\/wp-json\/wp\/v2\/types\/post"}],"author":[{"embeddable":true,"href":"https:\/\/pdt-rj.org.br\/index.php\/wp-json\/wp\/v2\/users\/17"}],"replies":[{"embeddable":true,"href":"https:\/\/pdt-rj.org.br\/index.php\/wp-json\/wp\/v2\/comments?post=73179"}],"version-history":[{"count":1,"href":"https:\/\/pdt-rj.org.br\/index.php\/wp-json\/wp\/v2\/posts\/73179\/revisions"}],"predecessor-version":[{"id":73181,"href":"https:\/\/pdt-rj.org.br\/index.php\/wp-json\/wp\/v2\/posts\/73179\/revisions\/73181"}],"wp:featuredmedia":[{"embeddable":true,"href":"https:\/\/pdt-rj.org.br\/index.php\/wp-json\/wp\/v2\/media\/73180"}],"wp:attachment":[{"href":"https:\/\/pdt-rj.org.br\/index.php\/wp-json\/wp\/v2\/media?parent=73179"}],"wp:term":[{"taxonomy":"category","embeddable":true,"href":"https:\/\/pdt-rj.org.br\/index.php\/wp-json\/wp\/v2\/categories?post=73179"},{"taxonomy":"post_tag","embeddable":true,"href":"https:\/\/pdt-rj.org.br\/index.php\/wp-json\/wp\/v2\/tags?post=73179"}],"curies":[{"name":"wp","href":"https:\/\/api.w.org\/{rel}","templated":true}]}}