{"id":73140,"date":"2020-08-17T12:26:14","date_gmt":"2020-08-17T15:26:14","guid":{"rendered":"http:\/\/pdt-rj.org.br\/?p=73140"},"modified":"2020-08-17T12:55:03","modified_gmt":"2020-08-17T15:55:03","slug":"ecotrabalhismo-discute-empoderamento-das-mulheres-em-debate-virtual","status":"publish","type":"post","link":"https:\/\/pdt-rj.org.br\/index.php\/ecotrabalhismo-discute-empoderamento-das-mulheres-em-debate-virtual\/","title":{"rendered":"Ecotrabalhismo discute empoderamento das mulheres em debate virtual\u00a0"},"content":{"rendered":"<p>O empoderamento das mulheres ser\u00e1 o tema do debate virtual promovido pelo movimento Ecotrabalhismo nesta segunda-feira (17), a partir das 19 horas. O encontro de lideran\u00e7as ser\u00e1 mediado pela presidente nacional da organiza\u00e7\u00e3o pedetista, Ivana Groff, e transmitido pela p\u00e1gina oficial no Facebook.<\/p>\n<p>Para destacar a import\u00e2ncia da representatividade em n\u00edvel regional, o evento contar\u00e1 com as participa\u00e7\u00f5es da presidente estadual do movimento em Minas Gerais, Andrea Costa, das presidentes ecotrabalhistas municipais em Manaus, S\u00e3o Paulo e Curitiba, Silvani Costa, Barbada Panseri e Fl\u00e1via Soto, respectivamente, bem como da presidente do Movimento Cultural Darcy Ribeiro (MCDR) em Salvador, Marie Jane Lima.<\/p>\n<p>Acesse e participe, em tempo real: <a href=\"https:\/\/www.facebook.com\/ecotrabalhismonacional\">facebook.com\/ecotrabalhismonacional<\/a><\/p>\n<p>&nbsp;<\/p>\n<!-- AddThis Advanced Settings generic via filter on the_content --><!-- AddThis Share Buttons generic via filter on the_content -->","protected":false},"excerpt":{"rendered":"<p>O empoderamento das mulheres ser\u00e1 o tema do debate virtual promovido pelo movimento Ecotrabalhismo nesta segunda-feira (17), a partir das 19 horas. O encontro de lideran\u00e7as ser\u00e1 mediado pela presidente nacional da organiza\u00e7\u00e3o pedetista, Ivana Groff, e transmitido pela p\u00e1gina oficial no Facebook. Para destacar a import\u00e2ncia da representatividade em n\u00edvel regional, o evento contar\u00e1&#8230;<!-- AddThis Advanced Settings generic via filter on wp_trim_excerpt --><!-- AddThis Share Buttons generic via filter on wp_trim_excerpt --><\/p>\n","protected":false},"author":17,"featured_media":73141,"comment_status":"closed","ping_status":"closed","sticky":false,"template":"","format":"standard","meta":{"_monsterinsights_skip_tracking":false,"_monsterinsights_sitenote_active":false,"_monsterinsights_sitenote_note":"","_monsterinsights_sitenote_category":0,"_uf_show_specific_survey":0,"_uf_disable_surveys":false,"footnotes":""},"categories":[1390,3328,1397],"tags":[],"class_list":["post-73140","post","type-post","status-publish","format-standard","has-post-thumbnail","hentry","category-editorias","category-flb-ap","category-movimentos"],"acf":[],"_links":{"self":[{"href":"https:\/\/pdt-rj.org.br\/index.php\/wp-json\/wp\/v2\/posts\/73140","targetHints":{"allow":["GET"]}}],"collection":[{"href":"https:\/\/pdt-rj.org.br\/index.php\/wp-json\/wp\/v2\/posts"}],"about":[{"href":"https:\/\/pdt-rj.org.br\/index.php\/wp-json\/wp\/v2\/types\/post"}],"author":[{"embeddable":true,"href":"https:\/\/pdt-rj.org.br\/index.php\/wp-json\/wp\/v2\/users\/17"}],"replies":[{"embeddable":true,"href":"https:\/\/pdt-rj.org.br\/index.php\/wp-json\/wp\/v2\/comments?post=73140"}],"version-history":[{"count":4,"href":"https:\/\/pdt-rj.org.br\/index.php\/wp-json\/wp\/v2\/posts\/73140\/revisions"}],"predecessor-version":[{"id":73145,"href":"https:\/\/pdt-rj.org.br\/index.php\/wp-json\/wp\/v2\/posts\/73140\/revisions\/73145"}],"wp:featuredmedia":[{"embeddable":true,"href":"https:\/\/pdt-rj.org.br\/index.php\/wp-json\/wp\/v2\/media\/73141"}],"wp:attachment":[{"href":"https:\/\/pdt-rj.org.br\/index.php\/wp-json\/wp\/v2\/media?parent=73140"}],"wp:term":[{"taxonomy":"category","embeddable":true,"href":"https:\/\/pdt-rj.org.br\/index.php\/wp-json\/wp\/v2\/categories?post=73140"},{"taxonomy":"post_tag","embeddable":true,"href":"https:\/\/pdt-rj.org.br\/index.php\/wp-json\/wp\/v2\/tags?post=73140"}],"curies":[{"name":"wp","href":"https:\/\/api.w.org\/{rel}","templated":true}]}}