{"id":73132,"date":"2020-08-15T15:12:17","date_gmt":"2020-08-15T18:12:17","guid":{"rendered":"http:\/\/pdt-rj.org.br\/?p=73132"},"modified":"2020-08-21T16:37:22","modified_gmt":"2020-08-21T19:37:22","slug":"em-reuniao-virtual-lupi-homenageia-os-92-anos-de-vida-de-jose-maria-rabelo-fundador-do-pdt","status":"publish","type":"post","link":"https:\/\/pdt-rj.org.br\/index.php\/em-reuniao-virtual-lupi-homenageia-os-92-anos-de-vida-de-jose-maria-rabelo-fundador-do-pdt\/","title":{"rendered":"Em reuni\u00e3o virtual, Lupi homenageia os 92 anos de vida de Jos\u00e9 Maria Rabelo, fundador do PDT"},"content":{"rendered":"<p>O presidente nacional do PDT, Carlos Lupi, participou nesta sexta-feira (14) da primeira reuni\u00e3o virtual municipal do PDT do Rio de Janeiro. Logo na abertura da reuni\u00e3o, Carlos Lupi deu in\u00edcio fazendo um balan\u00e7o geral do partido diante as elei\u00e7\u00f5es municipais deste ano, no qual o PDT disputar\u00e1 com mais de mil pr\u00e9-candidatos a vereador nos mais de 5 mil munic\u00edpios brasileiros.<\/p>\n<p>Com a presen\u00e7a de representantes de v\u00e1rios munic\u00edpios fluminenses, a reuni\u00e3o tamb\u00e9m teve a participa\u00e7\u00e3o da v\u00e1rios pr\u00e9-candidatos a prefeito no estado como a deputada estadual e pr\u00e9-candidata a prefeita do Rio, Martha Rocha, Caio Viana, pr\u00e9-candidato em Campos e Luiz Ant\u00f4nio, prefeito de Pira\u00ed.<\/p>\n<p>Participaram tamb\u00e9m os militantes e dirigentes partid\u00e1rios, como o sindicalista Luiz Serafi, o ex-prefeito de B\u00fazios Mirinho; e personagens da funda\u00e7\u00e3o do PDT, como Trajano Ribeiro, que elogiou a resolu\u00e7\u00e3o da dire\u00e7\u00e3o nacional, com Lupi \u00e0 frente, de expulsar do PDT eventuais candidatos que se alinhem aos partid\u00e1rios de Bolsonaro.<\/p>\n<p>A pedido de Lupi e sugest\u00e3o do companheiro Sergio Caldieri, a reuni\u00e3o ordin\u00e1ria virtual do Diret\u00f3rio do PDT-RJ foi encerrada com uma salva de palmas para o companheiro Jos\u00e9 Maria Rabelo, fundador do partido ao lado de Brizola, que ontem completou 92 anos de vida \u2013 com muita coer\u00eancia pol\u00edtica e muito bem vividos.<\/p>\n<p><strong>Mais sobre Jos\u00e9 Maria Rabelo<\/strong><\/p>\n<p>Com sa\u00fade e l\u00facido, o jornalista e escritor Jos\u00e9 Maria Rabelo, fundador do PDT ao lado de Leonel Brizola, \u00e9 um dos organizadores do \u2018Encontro de Lisboa\u2019, de 1979 \u2013 que reuniu na capital portuguesa os trabalhistas que viviam a di\u00e1spora do ex\u00edlio desde 1964 e os que enfrentavam a ditadura no Brasil. Al\u00e9m de ser um dos redatores e principais signat\u00e1rios da Carta de Lisboa.<\/p>\n<p>Presidente do PDT mineiro por 18 anos, fundador do jornal \u201cBin\u00f4mio\u201d, precursor do \u201cPasquim\u201d, Jos\u00e9 Maria Rabelo passou 16 anos no ex\u00edlio. Com o golpe de 64 foi obrigado a viver na Bol\u00edvia, no Chile e na Fran\u00e7a. Jornalista nos mais destacados ve\u00edculos da m\u00eddia mineira e brasileira, Jos\u00e9 Maria Rabelo escreveu v\u00e1rios livros, sendo o \u00faltimo deles, \u201cEx\u00edlio\u201d, lan\u00e7ado h\u00e1 dois anos, quando completou 90 anos, e deu a excelente entrevista no programa \u201cSempre um papo\u201d, de Minas, onde falou longamente sobre sua vida e suas lutas por um Brasil e um mundo melhores.<\/p>\n<p>Jos\u00e9 Rabelo fundou e criou o seman\u00e1rio \u201cBin\u00f4mio\u201d em 1952, quando Juscelino Kubitschek governava Minas Gerais pelo PSD, que \u00e9 considerado um dos precursores da imprensa alternativa no Brasil. Por sua atividade jornal\u00edstica e pol\u00edtica, teve de exilar-se na Bol\u00edvia, no Chile e na Fran\u00e7a.<\/p>\n<p>No primeiro pa\u00eds, desenvolveu atividades jornal\u00edsticas, atuando nos principais jornais de La Paz. No segundo, abriu e dirigiu \u2018La Librer\u00eda de las Ciencias Sociales\u2019, que, com seus seis endere\u00e7os, se tornou a mais prestigiosa de Santiago. Por\u00e9m, veio o golpe contra Allende em 1973, e foi obrigado a exilar-se, novamente, partindo para a Fran\u00e7a com toda a fam\u00edlia.<\/p>\n<p>Em Paris, ao lado de M\u00e1rio Soares, tamb\u00e9m exilado e depois presidente de Portugal, organizou e dirigiu \u2018La Librairie Portugaise et Br\u00e9silienne\u2019, transformada posteriormente em \u2018La Librairie-Centre de Pays de Langue Espagnole et Portugaise\u2019, polo de refer\u00eancia e divulga\u00e7\u00e3o cultural daqueles pa\u00edses na capital francesa.<\/p>\n<!-- AddThis Advanced Settings generic via filter on the_content --><!-- AddThis Share Buttons generic via filter on the_content -->","protected":false},"excerpt":{"rendered":"<p>O presidente nacional do PDT, Carlos Lupi, participou nesta sexta-feira (14) da primeira reuni\u00e3o virtual municipal do PDT do Rio de Janeiro. Logo na abertura da reuni\u00e3o, Carlos Lupi deu in\u00edcio fazendo um balan\u00e7o geral do partido diante as elei\u00e7\u00f5es municipais deste ano, no qual o PDT disputar\u00e1 com mais de mil pr\u00e9-candidatos a vereador&#8230;<!-- AddThis Advanced Settings generic via filter on wp_trim_excerpt --><!-- AddThis Share Buttons generic via filter on wp_trim_excerpt --><\/p>\n","protected":false},"author":17,"featured_media":73138,"comment_status":"closed","ping_status":"closed","sticky":false,"template":"","format":"standard","meta":{"_monsterinsights_skip_tracking":false,"_monsterinsights_sitenote_active":false,"_monsterinsights_sitenote_note":"","_monsterinsights_sitenote_category":0,"_uf_show_specific_survey":0,"_uf_disable_surveys":false,"footnotes":""},"categories":[1390,1402,3327],"tags":[3862,350,3863,3861],"class_list":["post-73132","post","type-post","status-publish","format-standard","has-post-thumbnail","hentry","category-editorias","category-cidades","category-eleicoes-2020","tag-diretorio-do-rio-de-janeiro","tag-eleicoes-municipais","tag-jose-maria-rabelo","tag-reuniao-municipal"],"acf":[],"_links":{"self":[{"href":"https:\/\/pdt-rj.org.br\/index.php\/wp-json\/wp\/v2\/posts\/73132","targetHints":{"allow":["GET"]}}],"collection":[{"href":"https:\/\/pdt-rj.org.br\/index.php\/wp-json\/wp\/v2\/posts"}],"about":[{"href":"https:\/\/pdt-rj.org.br\/index.php\/wp-json\/wp\/v2\/types\/post"}],"author":[{"embeddable":true,"href":"https:\/\/pdt-rj.org.br\/index.php\/wp-json\/wp\/v2\/users\/17"}],"replies":[{"embeddable":true,"href":"https:\/\/pdt-rj.org.br\/index.php\/wp-json\/wp\/v2\/comments?post=73132"}],"version-history":[{"count":5,"href":"https:\/\/pdt-rj.org.br\/index.php\/wp-json\/wp\/v2\/posts\/73132\/revisions"}],"predecessor-version":[{"id":73237,"href":"https:\/\/pdt-rj.org.br\/index.php\/wp-json\/wp\/v2\/posts\/73132\/revisions\/73237"}],"wp:featuredmedia":[{"embeddable":true,"href":"https:\/\/pdt-rj.org.br\/index.php\/wp-json\/wp\/v2\/media\/73138"}],"wp:attachment":[{"href":"https:\/\/pdt-rj.org.br\/index.php\/wp-json\/wp\/v2\/media?parent=73132"}],"wp:term":[{"taxonomy":"category","embeddable":true,"href":"https:\/\/pdt-rj.org.br\/index.php\/wp-json\/wp\/v2\/categories?post=73132"},{"taxonomy":"post_tag","embeddable":true,"href":"https:\/\/pdt-rj.org.br\/index.php\/wp-json\/wp\/v2\/tags?post=73132"}],"curies":[{"name":"wp","href":"https:\/\/api.w.org\/{rel}","templated":true}]}}