{"id":73067,"date":"2020-08-11T20:46:01","date_gmt":"2020-08-11T23:46:01","guid":{"rendered":"http:\/\/pdt-rj.org.br\/?p=73067"},"modified":"2020-08-11T21:05:45","modified_gmt":"2020-08-12T00:05:45","slug":"pdt-pede-ao-stf-o-afastamento-do-ministro-paulo-guedes","status":"publish","type":"post","link":"https:\/\/pdt-rj.org.br\/index.php\/pdt-pede-ao-stf-o-afastamento-do-ministro-paulo-guedes\/","title":{"rendered":"PDT pede ao STF o afastamento do ministro Paulo Guedes"},"content":{"rendered":"<p>PDT ajuizou na tarde desta ter\u00e7a-feira (11), no Supremo Tribunal Federal (STF), uma Argui\u00e7\u00e3o de Descumprimento de Preceito Fundamental (ADPF) com pedido de medida liminar de urg\u00eancia para que o ministro da Economia, Paulo Guedes, seja afastado do cargo at\u00e9 a conclus\u00e3o de investiga\u00e7\u00f5es pela Pol\u00edcia Federal e pelo Minist\u00e9rio P\u00fablico Federal, principalmente pela For\u00e7a-Tarefa da Opera\u00e7\u00e3o Greenfield, acerca de fraudes nos fundos de pens\u00e3o.<\/p>\n<p>Na a\u00e7\u00e3o, o partido destaca que antes de assumir como ministro de Estado, pesava contra Guedes investiga\u00e7\u00f5es acerca das fraudes nos fundos de pens\u00e3o, &#8220;o que denota n\u00edtido desvio de finalidade e inconteste acinte aos princ\u00edpios constitucionais da moralidade e da impessoalidade administrativa&#8221;.<\/p>\n<p>Para o PDT, &#8220;h\u00e1 uma blindagem institucional&#8221; quanto \u00e0 mat\u00e9ria objeto de investiga\u00e7\u00e3o pela Pol\u00edcia Federal e pelo Minist\u00e9rio P\u00fablico Federal, tendo em vista que &#8220;Paulo Guedes exerce o mais alto cargo do Minist\u00e9rio da Economia e tem pessoas ligadas (parentes e ex-s\u00f3cios) a ele nos mosaicos societ\u00e1rios envolvidos em procedimentos investigat\u00f3rios de car\u00e1ter criminal.&#8221;<\/p>\n<p>No documento, a legenda pede ainda informa\u00e7\u00f5es \u00e0 Advocacia-Geral da Uni\u00e3o (AGU), Procuradoria-Geral da Rep\u00fablica (PGR) e demais entidades citadas nos processos: Funcef, Petros, Previ, Postalis, Infraprev,\u00a0 Banesprev, Fipecq, BNDESPAR, CEF, TCU, CGU, Previc, e BR Educacional Gestora), sobre o processo de decis\u00e3o de investimento no FIP BR Educacional.<\/p>\n<p>Confira a \u00edntegra da a\u00e7\u00e3o: <a href=\"http:\/\/pdt-rj.org.br\/wp-content\/uploads\/2020\/08\/ADPF-Peti\u00e7\u00e3o-Inicial.pdf\">ADPF &#8211; Peti\u00e7\u00e3o Inicial<\/a><\/p>\n<!-- AddThis Advanced Settings generic via filter on the_content --><!-- AddThis Share Buttons generic via filter on the_content -->","protected":false},"excerpt":{"rendered":"<p>PDT ajuizou na tarde desta ter\u00e7a-feira (11), no Supremo Tribunal Federal (STF), uma Argui\u00e7\u00e3o de Descumprimento de Preceito Fundamental (ADPF) com pedido de medida liminar de urg\u00eancia para que o ministro da Economia, Paulo Guedes, seja afastado do cargo at\u00e9 a conclus\u00e3o de investiga\u00e7\u00f5es pela Pol\u00edcia Federal e pelo Minist\u00e9rio P\u00fablico Federal, principalmente pela For\u00e7a-Tarefa&#8230;<!-- AddThis Advanced Settings generic via filter on wp_trim_excerpt --><!-- AddThis Share Buttons generic via filter on wp_trim_excerpt --><\/p>\n","protected":false},"author":17,"featured_media":73068,"comment_status":"closed","ping_status":"closed","sticky":false,"template":"","format":"standard","meta":{"_monsterinsights_skip_tracking":false,"_monsterinsights_sitenote_active":false,"_monsterinsights_sitenote_note":"","_monsterinsights_sitenote_category":0,"_uf_show_specific_survey":0,"_uf_disable_surveys":false,"footnotes":""},"categories":[976],"tags":[3849,3768,3852,3853,3850,38,3851,739,28,899],"class_list":["post-73067","post","type-post","status-publish","format-standard","has-post-thumbnail","hentry","category-noticias-em-destaque","tag-afastamento-do-ministro-paulo-guedes","tag-arguicao-de-descumprimento-de-preceito-fundamental","tag-forca-tarefa-da-operacao-greenfield","tag-impessoalidade-administrativa","tag-liminar","tag-pdt","tag-pedido-de-medida-liminar-de-urgencia","tag-policia-federal","tag-stf","tag-supremo-tribunal-federal"],"acf":[],"_links":{"self":[{"href":"https:\/\/pdt-rj.org.br\/index.php\/wp-json\/wp\/v2\/posts\/73067","targetHints":{"allow":["GET"]}}],"collection":[{"href":"https:\/\/pdt-rj.org.br\/index.php\/wp-json\/wp\/v2\/posts"}],"about":[{"href":"https:\/\/pdt-rj.org.br\/index.php\/wp-json\/wp\/v2\/types\/post"}],"author":[{"embeddable":true,"href":"https:\/\/pdt-rj.org.br\/index.php\/wp-json\/wp\/v2\/users\/17"}],"replies":[{"embeddable":true,"href":"https:\/\/pdt-rj.org.br\/index.php\/wp-json\/wp\/v2\/comments?post=73067"}],"version-history":[{"count":8,"href":"https:\/\/pdt-rj.org.br\/index.php\/wp-json\/wp\/v2\/posts\/73067\/revisions"}],"predecessor-version":[{"id":73077,"href":"https:\/\/pdt-rj.org.br\/index.php\/wp-json\/wp\/v2\/posts\/73067\/revisions\/73077"}],"wp:featuredmedia":[{"embeddable":true,"href":"https:\/\/pdt-rj.org.br\/index.php\/wp-json\/wp\/v2\/media\/73068"}],"wp:attachment":[{"href":"https:\/\/pdt-rj.org.br\/index.php\/wp-json\/wp\/v2\/media?parent=73067"}],"wp:term":[{"taxonomy":"category","embeddable":true,"href":"https:\/\/pdt-rj.org.br\/index.php\/wp-json\/wp\/v2\/categories?post=73067"},{"taxonomy":"post_tag","embeddable":true,"href":"https:\/\/pdt-rj.org.br\/index.php\/wp-json\/wp\/v2\/tags?post=73067"}],"curies":[{"name":"wp","href":"https:\/\/api.w.org\/{rel}","templated":true}]}}