{"id":73051,"date":"2020-08-11T16:01:03","date_gmt":"2020-08-11T19:01:03","guid":{"rendered":"http:\/\/pdt-rj.org.br\/?p=73051"},"modified":"2020-08-11T17:49:15","modified_gmt":"2020-08-11T20:49:15","slug":"parlamentares-poderao-ter-valor-descontado-do-salario-para-ajudar-no-combate-a-covid-19","status":"publish","type":"post","link":"https:\/\/pdt-rj.org.br\/index.php\/parlamentares-poderao-ter-valor-descontado-do-salario-para-ajudar-no-combate-a-covid-19\/","title":{"rendered":"Parlamentares poder\u00e3o ter valor descontado do sal\u00e1rio para ajudar no combate \u00e0 Covid-19"},"content":{"rendered":"<p>Parlamentares poder\u00e3o contribuir, extraordinariamente por quatro meses, com trinta por cento dos seus sal\u00e1rios para colaborar no enfrentamento dos efeitos da pandemia por Covid-19. \u00c9 o que prop\u00f5e o Projeto de Lei\u00a0<a href=\"https:\/\/www.camara.leg.br\/proposicoesWeb\/fichadetramitacao?idProposicao=2241932\"><strong>982\/20<\/strong><\/a> apresentado pelo deputado federal Pompeo de Mattos (PDT-RS).<\/p>\n<p>Pelo texto, o Poder P\u00fablico ser\u00e1 o respons\u00e1vel pela movimenta\u00e7\u00e3o dos valores arrecadados pela contribui\u00e7\u00e3o.<\/p>\n<p>De acordo com o deputado, \u201ca contribui\u00e7\u00e3o tem uma import\u00e2ncia simb\u00f3lica\u201d, pois faz com que os parlamentares (deputados e senadores) \u201cpossam se doar para esta causa que \u00e9 de todo o pa\u00eds, de proteger os mais pobres e desassistidos\u201d, justifica.<\/p>\n<!-- AddThis Advanced Settings generic via filter on the_content --><!-- AddThis Share Buttons generic via filter on the_content -->","protected":false},"excerpt":{"rendered":"<p>Parlamentares poder\u00e3o contribuir, extraordinariamente por quatro meses, com trinta por cento dos seus sal\u00e1rios para colaborar no enfrentamento dos efeitos da pandemia por Covid-19. \u00c9 o que prop\u00f5e o Projeto de Lei\u00a0982\/20 apresentado pelo deputado federal Pompeo de Mattos (PDT-RS). Pelo texto, o Poder P\u00fablico ser\u00e1 o respons\u00e1vel pela movimenta\u00e7\u00e3o dos valores arrecadados pela contribui\u00e7\u00e3o&#8230;.<!-- AddThis Advanced Settings generic via filter on wp_trim_excerpt --><!-- AddThis Share Buttons generic via filter on wp_trim_excerpt --><\/p>\n","protected":false},"author":17,"featured_media":73060,"comment_status":"closed","ping_status":"closed","sticky":false,"template":"","format":"standard","meta":{"_monsterinsights_skip_tracking":false,"_monsterinsights_sitenote_active":false,"_monsterinsights_sitenote_note":"","_monsterinsights_sitenote_category":0,"_uf_show_specific_survey":0,"_uf_disable_surveys":false,"footnotes":""},"categories":[1390,1459],"tags":[],"class_list":["post-73051","post","type-post","status-publish","format-standard","has-post-thumbnail","hentry","category-editorias","category-congresso"],"acf":[],"_links":{"self":[{"href":"https:\/\/pdt-rj.org.br\/index.php\/wp-json\/wp\/v2\/posts\/73051","targetHints":{"allow":["GET"]}}],"collection":[{"href":"https:\/\/pdt-rj.org.br\/index.php\/wp-json\/wp\/v2\/posts"}],"about":[{"href":"https:\/\/pdt-rj.org.br\/index.php\/wp-json\/wp\/v2\/types\/post"}],"author":[{"embeddable":true,"href":"https:\/\/pdt-rj.org.br\/index.php\/wp-json\/wp\/v2\/users\/17"}],"replies":[{"embeddable":true,"href":"https:\/\/pdt-rj.org.br\/index.php\/wp-json\/wp\/v2\/comments?post=73051"}],"version-history":[{"count":4,"href":"https:\/\/pdt-rj.org.br\/index.php\/wp-json\/wp\/v2\/posts\/73051\/revisions"}],"predecessor-version":[{"id":73056,"href":"https:\/\/pdt-rj.org.br\/index.php\/wp-json\/wp\/v2\/posts\/73051\/revisions\/73056"}],"wp:featuredmedia":[{"embeddable":true,"href":"https:\/\/pdt-rj.org.br\/index.php\/wp-json\/wp\/v2\/media\/73060"}],"wp:attachment":[{"href":"https:\/\/pdt-rj.org.br\/index.php\/wp-json\/wp\/v2\/media?parent=73051"}],"wp:term":[{"taxonomy":"category","embeddable":true,"href":"https:\/\/pdt-rj.org.br\/index.php\/wp-json\/wp\/v2\/categories?post=73051"},{"taxonomy":"post_tag","embeddable":true,"href":"https:\/\/pdt-rj.org.br\/index.php\/wp-json\/wp\/v2\/tags?post=73051"}],"curies":[{"name":"wp","href":"https:\/\/api.w.org\/{rel}","templated":true}]}}