{"id":73046,"date":"2020-08-11T10:44:58","date_gmt":"2020-08-11T13:44:58","guid":{"rendered":"http:\/\/pdt-rj.org.br\/?p=73046"},"modified":"2020-08-15T13:50:36","modified_gmt":"2020-08-15T16:50:36","slug":"horizonte_progressista","status":"publish","type":"post","link":"https:\/\/pdt-rj.org.br\/index.php\/horizonte_progressista\/","title":{"rendered":"Horizonte Progressista"},"content":{"rendered":"<p><em>Ciro diz que uni\u00e3o entre PDT, PSB, PV e Rede tem se solidificado como alternativa nacional<\/em><\/p>\n<p>Ciro Gomes, vice-presidente nacional do PDT, falou sobre a alian\u00e7a entre partidos progressistas que, al\u00e9m de oposi\u00e7\u00e3o ao governo Bolsonaro, constr\u00f3i um novo caminho na pol\u00edtica nacional. A fala foi durante entrevista ao programa Broadcast do Estad\u00e3o, na \u00faltima quinta-feira (6). O bloco formado por PDT, PSB, PV e Rede tem sido coeso dos pedidos de impeachment as alian\u00e7as para elei\u00e7\u00f5es municipais.<\/p>\n<p>A declara\u00e7\u00e3o do pedetista se deu depois de questionado sobre as possibilidades para as pr\u00f3ximas elei\u00e7\u00f5es presidenciais, em 2022. Ciro acredita que o desgaste tirar\u00e1 Bolsonaro do pleito e a elite brasileira apoiar\u00e1 outro nome para \u201creciclar seu ide\u00e1rio\u201d. J\u00e1 no campo da esquerda, quem \u00e9 capaz de levantar o debate coerente acerca da reconstru\u00e7\u00e3o nacional \u00e9 o grupo formado pelos quatro partidos progressistas.<\/p>\n<p>\u201cEstamos atuando juntos no Congresso, na luta brasileira, e estamos alinhavando alian\u00e7as na quest\u00e3o municipal\u201d, disse Ciro sobre a uni\u00e3o entre PDT, PSB, PV e Rede. Em fevereiro deste ano, as agremia\u00e7\u00f5es fecharam acordo de apoio mutuo para as pr\u00f3ximas elei\u00e7\u00f5es municipais. Em S\u00e3o Paulo, por exemplo, o candidato \u00e0 prefeito M\u00e1rcio Fran\u00e7a (PSB), tem apoio dos trabalhista. O grupo tamb\u00e9m conta com pedidos de impeachment contra o presidente Bolsonaro.<\/p>\n<p>Em constru\u00e7\u00e3o e crescimento, a uni\u00e3o entre os quatro partidos busca novos integrantes. \u201cN\u00f3s achamos que essa nossa alian\u00e7a precisa se alargar ao centro. Estamos mandando recado o tempo inteiro para esse centro pol\u00edtico [&#8230;] Estamos em um di\u00e1logo completamente transparente com o DEM, em Salvador e S\u00e3o Luiz, e ao mesmo tempo estamos dialogando com o PSOL, em Florian\u00f3polis e em Bel\u00e9m\u201d, afirmou Ciro.<\/p>\n<p>O vice-presidente do PDT falou ainda sobre a crise financeira nacional, a regress\u00e3o industrial no pa\u00eds e atacou a elite financeira e os bancos. Como lembrou Ciro, esses assuntos s\u00e3o tratados em seu livro \u201cProjeto Nacional: O dever da esperan\u00e7a\u201d, o qual apresenta alternativas para a dura realidade brasileira.<\/p>\n<p>Confira abaixo a \u00edntegra da entrevista.<\/p>\n<p><iframe loading=\"lazy\" src=\"\/\/www.youtube.com\/embed\/fVP_xxQYPBE\" width=\"560\" height=\"315\" frameborder=\"0\" allowfullscreen=\"allowfullscreen\"><\/iframe><\/p>\n<!-- AddThis Advanced Settings generic via filter on the_content --><!-- AddThis Share Buttons generic via filter on the_content -->","protected":false},"excerpt":{"rendered":"<p>Ciro diz que uni\u00e3o entre PDT, PSB, PV e Rede tem se solidificado como alternativa nacional Ciro Gomes, vice-presidente nacional do PDT, falou sobre a alian\u00e7a entre partidos progressistas que, al\u00e9m de oposi\u00e7\u00e3o ao governo Bolsonaro, constr\u00f3i um novo caminho na pol\u00edtica nacional. A fala foi durante entrevista ao programa Broadcast do Estad\u00e3o, na \u00faltima&#8230;<!-- AddThis Advanced Settings generic via filter on wp_trim_excerpt --><!-- AddThis Share Buttons generic via filter on wp_trim_excerpt --><\/p>\n","protected":false},"author":17,"featured_media":73047,"comment_status":"closed","ping_status":"closed","sticky":false,"template":"","format":"standard","meta":{"_monsterinsights_skip_tracking":false,"_monsterinsights_sitenote_active":false,"_monsterinsights_sitenote_note":"","_monsterinsights_sitenote_category":0,"_uf_show_specific_survey":0,"_uf_disable_surveys":false,"footnotes":""},"categories":[1390,3327,1401,976],"tags":[],"class_list":["post-73046","post","type-post","status-publish","format-standard","has-post-thumbnail","hentry","category-editorias","category-eleicoes-2020","category-nacional","category-noticias-em-destaque"],"acf":[],"_links":{"self":[{"href":"https:\/\/pdt-rj.org.br\/index.php\/wp-json\/wp\/v2\/posts\/73046","targetHints":{"allow":["GET"]}}],"collection":[{"href":"https:\/\/pdt-rj.org.br\/index.php\/wp-json\/wp\/v2\/posts"}],"about":[{"href":"https:\/\/pdt-rj.org.br\/index.php\/wp-json\/wp\/v2\/types\/post"}],"author":[{"embeddable":true,"href":"https:\/\/pdt-rj.org.br\/index.php\/wp-json\/wp\/v2\/users\/17"}],"replies":[{"embeddable":true,"href":"https:\/\/pdt-rj.org.br\/index.php\/wp-json\/wp\/v2\/comments?post=73046"}],"version-history":[{"count":6,"href":"https:\/\/pdt-rj.org.br\/index.php\/wp-json\/wp\/v2\/posts\/73046\/revisions"}],"predecessor-version":[{"id":73131,"href":"https:\/\/pdt-rj.org.br\/index.php\/wp-json\/wp\/v2\/posts\/73046\/revisions\/73131"}],"wp:featuredmedia":[{"embeddable":true,"href":"https:\/\/pdt-rj.org.br\/index.php\/wp-json\/wp\/v2\/media\/73047"}],"wp:attachment":[{"href":"https:\/\/pdt-rj.org.br\/index.php\/wp-json\/wp\/v2\/media?parent=73046"}],"wp:term":[{"taxonomy":"category","embeddable":true,"href":"https:\/\/pdt-rj.org.br\/index.php\/wp-json\/wp\/v2\/categories?post=73046"},{"taxonomy":"post_tag","embeddable":true,"href":"https:\/\/pdt-rj.org.br\/index.php\/wp-json\/wp\/v2\/tags?post=73046"}],"curies":[{"name":"wp","href":"https:\/\/api.w.org\/{rel}","templated":true}]}}