{"id":73042,"date":"2020-08-10T23:05:21","date_gmt":"2020-08-11T02:05:21","guid":{"rendered":"http:\/\/pdt-rj.org.br\/?p=73042"},"modified":"2020-08-10T23:23:24","modified_gmt":"2020-08-11T02:23:24","slug":"eleicoes-2020-fundacao-promove-debate-virtual-sobre-prestacao-de-contas","status":"publish","type":"post","link":"https:\/\/pdt-rj.org.br\/index.php\/eleicoes-2020-fundacao-promove-debate-virtual-sobre-prestacao-de-contas\/","title":{"rendered":"Elei\u00e7\u00f5es 2020: Funda\u00e7\u00e3o promove debate virtual sobre presta\u00e7\u00e3o de contas"},"content":{"rendered":"<p>Os processos de presta\u00e7\u00e3o de contas e regulariza\u00e7\u00e3o partid\u00e1ria pautaram o debate virtual, na noite desta segunda-feira (10), com advogados do PDT e pr\u00e9-candidatos. O evento foi mediado pelo presidente da Funda\u00e7\u00e3o Leonel Brizola Alberto \u2013 Pasqualini (FLB-AP), Manoel Dias, e pelo vice-presidente do PDT no Par\u00e1, Jo\u00e3o Carlos Ramos.<\/p>\n<p>Como convidado, o CEO da Essent Jus, Guilherme Sturm, abordou a integra\u00e7\u00e3o do processo de registro de candidatura, cria\u00e7\u00e3o do CNPJ, abertura de contas e demais rotinas at\u00e9 a utiliza\u00e7\u00e3o dos recursos do fundo eleitoral e de doa\u00e7\u00f5es, considerando, com destaque, os gastos com servi\u00e7os opcionais e obrigat\u00f3rios, que incluem contabilidade e jur\u00eddico.<\/p>\n<p>\u201cUm levantamento de 2019, com base nos dados da Receita Federal, indicava que de cada 10 CNPJ de diret\u00f3rios partid\u00e1rios, sete estariam inaptos por aus\u00eancia de declara\u00e7\u00f5es. Por isso, \u00e9 necess\u00e1rio estar em dia para fins de lan\u00e7amento de candidaturas nas elei\u00e7\u00f5es que se avizinham\u201d, alertou Sturm.<\/p>\n<p>\u201cSobre a propor\u00e7\u00e3o de mulheres, um dos pontos mais cr\u00edticos nas presta\u00e7\u00f5es \u00e9 a correta destina\u00e7\u00e3o dos recursos para as candidaturas. Sugiro contrata\u00e7\u00f5es separadas entre homens e mulheres para ficar clara a propor\u00e7\u00e3o na comprova\u00e7\u00e3o dos servi\u00e7os\u201d, completou.<\/p>\n<p>Com a intera\u00e7\u00e3o do p\u00fablico, o encontro ainda forneceu orienta\u00e7\u00f5es relativas \u00e0s etapas das presta\u00e7\u00f5es de contas de candidatos e partidos pol\u00edticos, bem como a an\u00e1lise dos prazos do calend\u00e1rio eleitoral, ajustado em fun\u00e7\u00e3o da Proposta de Emenda \u00e0 Constitui\u00e7\u00e3o (PEC) n\u00ba 18\/2020 que determinou o adiamento das elei\u00e7\u00f5es em raz\u00e3o da pandemia do coronav\u00edrus.<\/p>\n<p>Ao criticar a exig\u00eancia, pela legisla\u00e7\u00e3o, de que cada diret\u00f3rio municipal tenha contador e advogado, diante das limita\u00e7\u00f5es financeiras, Manoel Dias exaltou a contribui\u00e7\u00e3o dos representantes jur\u00eddicos do PDT, em n\u00edvel nacional, no suporte para \u201csupera\u00e7\u00e3o das adversidades\u201d.<\/p>\n<p>\u201cA inseguran\u00e7a sobre a lei eleitoral \u00e9 muito intensa, pois nossos candidatos, em todas as regi\u00f5es, s\u00e3o, na grande maioria, das camadas populares. Portanto, n\u00e3o existe uma intimidade com a pauta. Por isso, a qualifica\u00e7\u00e3o dos advogados pedetistas \u00e9 um diferencial\u201d, comentou, ao exaltar os milhares de postulantes do partido, no pleito de 2020, e a atua\u00e7\u00e3o de lideran\u00e7as em cada estado, como a da vice-presidente do PDT e da FLB-AP em Rond\u00f4nia, Marli Mendon\u00e7a.<\/p>\n<p>Confira abaixo, na \u00edntegra, o programa, que foi transmitido nas redes da Funda\u00e7\u00e3o a partir do Est\u00fadio Legalidade:<\/p>\n<p><iframe loading=\"lazy\" title=\"ADVOGADOS DO PDT - Regulariza\u00e7\u00e3o e Partid\u00e1ria e Presta\u00e7\u00e3o de Contas\" width=\"640\" height=\"360\" src=\"https:\/\/www.youtube.com\/embed\/OrE6rgFntsM?feature=oembed\" frameborder=\"0\" allow=\"accelerometer; autoplay; clipboard-write; encrypted-media; gyroscope; picture-in-picture; web-share\" referrerpolicy=\"strict-origin-when-cross-origin\" allowfullscreen><\/iframe><\/p>\n<!-- AddThis Advanced Settings generic via filter on the_content --><!-- AddThis Share Buttons generic via filter on the_content -->","protected":false},"excerpt":{"rendered":"<p>Os processos de presta\u00e7\u00e3o de contas e regulariza\u00e7\u00e3o partid\u00e1ria pautaram o debate virtual, na noite desta segunda-feira (10), com advogados do PDT e pr\u00e9-candidatos. O evento foi mediado pelo presidente da Funda\u00e7\u00e3o Leonel Brizola Alberto \u2013 Pasqualini (FLB-AP), Manoel Dias, e pelo vice-presidente do PDT no Par\u00e1, Jo\u00e3o Carlos Ramos. Como convidado, o CEO da&#8230;<!-- AddThis Advanced Settings generic via filter on wp_trim_excerpt --><!-- AddThis Share Buttons generic via filter on wp_trim_excerpt --><\/p>\n","protected":false},"author":17,"featured_media":73043,"comment_status":"closed","ping_status":"closed","sticky":false,"template":"","format":"standard","meta":{"_monsterinsights_skip_tracking":false,"_monsterinsights_sitenote_active":false,"_monsterinsights_sitenote_note":"","_monsterinsights_sitenote_category":0,"_uf_show_specific_survey":0,"_uf_disable_surveys":false,"footnotes":""},"categories":[1390,3327,3328],"tags":[],"class_list":["post-73042","post","type-post","status-publish","format-standard","has-post-thumbnail","hentry","category-editorias","category-eleicoes-2020","category-flb-ap"],"acf":[],"_links":{"self":[{"href":"https:\/\/pdt-rj.org.br\/index.php\/wp-json\/wp\/v2\/posts\/73042","targetHints":{"allow":["GET"]}}],"collection":[{"href":"https:\/\/pdt-rj.org.br\/index.php\/wp-json\/wp\/v2\/posts"}],"about":[{"href":"https:\/\/pdt-rj.org.br\/index.php\/wp-json\/wp\/v2\/types\/post"}],"author":[{"embeddable":true,"href":"https:\/\/pdt-rj.org.br\/index.php\/wp-json\/wp\/v2\/users\/17"}],"replies":[{"embeddable":true,"href":"https:\/\/pdt-rj.org.br\/index.php\/wp-json\/wp\/v2\/comments?post=73042"}],"version-history":[{"count":2,"href":"https:\/\/pdt-rj.org.br\/index.php\/wp-json\/wp\/v2\/posts\/73042\/revisions"}],"predecessor-version":[{"id":73045,"href":"https:\/\/pdt-rj.org.br\/index.php\/wp-json\/wp\/v2\/posts\/73042\/revisions\/73045"}],"wp:featuredmedia":[{"embeddable":true,"href":"https:\/\/pdt-rj.org.br\/index.php\/wp-json\/wp\/v2\/media\/73043"}],"wp:attachment":[{"href":"https:\/\/pdt-rj.org.br\/index.php\/wp-json\/wp\/v2\/media?parent=73042"}],"wp:term":[{"taxonomy":"category","embeddable":true,"href":"https:\/\/pdt-rj.org.br\/index.php\/wp-json\/wp\/v2\/categories?post=73042"},{"taxonomy":"post_tag","embeddable":true,"href":"https:\/\/pdt-rj.org.br\/index.php\/wp-json\/wp\/v2\/tags?post=73042"}],"curies":[{"name":"wp","href":"https:\/\/api.w.org\/{rel}","templated":true}]}}