{"id":73033,"date":"2020-08-08T16:12:44","date_gmt":"2020-08-08T19:12:44","guid":{"rendered":"http:\/\/pdt-rj.org.br\/?p=73033"},"modified":"2020-08-11T17:42:23","modified_gmt":"2020-08-11T20:42:23","slug":"um-povo-sem-identidade-esta-fadado-ao-termino","status":"publish","type":"post","link":"https:\/\/pdt-rj.org.br\/index.php\/um-povo-sem-identidade-esta-fadado-ao-termino\/","title":{"rendered":"\u201cUm povo sem identidade est\u00e1 fadado ao t\u00e9rmino\u201d"},"content":{"rendered":"<p><em>A afirma\u00e7\u00e3o \u00e9 de Marcelo Monteiro, presidente do PDT Ax\u00e9, durante o \u201cCaf\u00e9 com Lupi\u201d deste s\u00e1bado<\/em><\/p>\n<p>Neste s\u00e1bado, o \u201cCaf\u00e9 com Lupi\u201d contou com a presen\u00e7a de dois presidentes nacionais de movimentos pedetistas: Marcelo Monteiro, do PDT Ax\u00e9, e Ivana Groffi, do Ecotrabalhismo. A conversa entre o trio abarcou da tentativa de privatiza\u00e7\u00e3o da \u00e1gua no pa\u00eds ao preconceito e ataque sistem\u00e1tico aos povos e a cultura de matriz africana.<\/p>\n<p>O \u2018Novo Marco Legal do Saneamento B\u00e1sico\u2019, aprovado pelo Senado no final de junho, abriu espa\u00e7o para a privatiza\u00e7\u00e3o da \u00e1gua no Brasil. O PDT foi contra e chegou a entrar com uma a\u00e7\u00e3o no STF para anular a decis\u00e3o. Sobre o caso, Ivana explicou que o modelo privatista j\u00e1 foi tentado em outros lugares do mundo, sem sucesso. \u201cNa Alemanha e na Fran\u00e7a j\u00e1 privatizaram a \u00e1gua, mas n\u00e3o deu certo e eles tiveram de voltar atr\u00e1s\u201d.<\/p>\n<p>Pensando mais na quest\u00e3o da necessidade prim\u00e1ria do recurso que pode ser explorado pela iniciativa privada, Lupi ponderou: \u201cVoc\u00eas acham que alguma empresa privada vai investir se n\u00e3o tiver lucro? O \u00fanico instrumento da sociedade para que a \u00e1gua chegue \u00e0 popula\u00e7\u00e3o mais carente \u00e9 o Estado tomar conta disso porque ele tem car\u00e1ter social. O Estado tem que fazer o equil\u00edbrio, a compensa\u00e7\u00e3o, e levar \u00e1gua para quem n\u00e3o tem\u201d.<\/p>\n<p>J\u00e1 a participa\u00e7\u00e3o de Marcelo Monteiro esteve cheia de ancestralidade, do cen\u00e1rio \u00e0s vestes do l\u00edder do PDT Ax\u00e9. Ele lembrou que o movimento que preside \u00e9 voltado para a defesa, o resgate e preserva\u00e7\u00e3o das tradi\u00e7\u00f5es culturais de matriz africana. \u201cUm povo sem identidade est\u00e1 fadado ao t\u00e9rmino\u201d, afirmou.<\/p>\n<p>Marcelo falou tamb\u00e9m sobre a persegui\u00e7\u00e3o e a descaracteriza\u00e7\u00e3o da cultura de matriz africana no Brasil como grande risco \u00e0 historicidade do povo. \u201cH\u00e1 um projeto para acabar com laicidade do Estado [&#8230;] Hoje, o cara que deveria manter a tradi\u00e7\u00e3o [dos povos de matriz africana] viva, est\u00e1 evangelizado\u201d, alertou.<\/p>\n<p>O presidente do PDT Ax\u00e9 tamb\u00e9m falou sobre o ataque a terreiros e centros religiosos e culturais. \u201cA partir do momento que isso for considerado crime, n\u00e3o de intoler\u00e2ncia religiosa, mas sim um crime contra a cultura de um povo que construiu esse pa\u00eds, as coisas v\u00e3o mudar\u201d, sentenciou Marcelo.<\/p>\n<p>Confira abaixo tudo o que rolou no \u201cCaf\u00e9 com Lupi\u201d deste s\u00e1bado.<\/p>\n<p><iframe loading=\"lazy\" src=\"\/\/www.youtube.com\/embed\/_9kUM7R7cUk\" width=\"560\" height=\"315\" frameborder=\"0\" allowfullscreen=\"allowfullscreen\"><\/iframe><\/p>\n<!-- AddThis Advanced Settings generic via filter on the_content --><!-- AddThis Share Buttons generic via filter on the_content -->","protected":false},"excerpt":{"rendered":"<p>A afirma\u00e7\u00e3o \u00e9 de Marcelo Monteiro, presidente do PDT Ax\u00e9, durante o \u201cCaf\u00e9 com Lupi\u201d deste s\u00e1bado Neste s\u00e1bado, o \u201cCaf\u00e9 com Lupi\u201d contou com a presen\u00e7a de dois presidentes nacionais de movimentos pedetistas: Marcelo Monteiro, do PDT Ax\u00e9, e Ivana Groffi, do Ecotrabalhismo. A conversa entre o trio abarcou da tentativa de privatiza\u00e7\u00e3o da&#8230;<!-- AddThis Advanced Settings generic via filter on wp_trim_excerpt --><!-- AddThis Share Buttons generic via filter on wp_trim_excerpt --><\/p>\n","protected":false},"author":17,"featured_media":73034,"comment_status":"closed","ping_status":"closed","sticky":false,"template":"","format":"standard","meta":{"_monsterinsights_skip_tracking":false,"_monsterinsights_sitenote_active":false,"_monsterinsights_sitenote_note":"","_monsterinsights_sitenote_category":0,"_uf_show_specific_survey":0,"_uf_disable_surveys":false,"footnotes":""},"categories":[3682,975,1397,976,3303],"tags":[],"class_list":["post-73033","post","type-post","status-publish","format-standard","has-post-thumbnail","hentry","category-ecotrabalhismo","category-manchete","category-movimentos","category-noticias-em-destaque","category-pdt-axe"],"acf":[],"_links":{"self":[{"href":"https:\/\/pdt-rj.org.br\/index.php\/wp-json\/wp\/v2\/posts\/73033","targetHints":{"allow":["GET"]}}],"collection":[{"href":"https:\/\/pdt-rj.org.br\/index.php\/wp-json\/wp\/v2\/posts"}],"about":[{"href":"https:\/\/pdt-rj.org.br\/index.php\/wp-json\/wp\/v2\/types\/post"}],"author":[{"embeddable":true,"href":"https:\/\/pdt-rj.org.br\/index.php\/wp-json\/wp\/v2\/users\/17"}],"replies":[{"embeddable":true,"href":"https:\/\/pdt-rj.org.br\/index.php\/wp-json\/wp\/v2\/comments?post=73033"}],"version-history":[{"count":4,"href":"https:\/\/pdt-rj.org.br\/index.php\/wp-json\/wp\/v2\/posts\/73033\/revisions"}],"predecessor-version":[{"id":73059,"href":"https:\/\/pdt-rj.org.br\/index.php\/wp-json\/wp\/v2\/posts\/73033\/revisions\/73059"}],"wp:featuredmedia":[{"embeddable":true,"href":"https:\/\/pdt-rj.org.br\/index.php\/wp-json\/wp\/v2\/media\/73034"}],"wp:attachment":[{"href":"https:\/\/pdt-rj.org.br\/index.php\/wp-json\/wp\/v2\/media?parent=73033"}],"wp:term":[{"taxonomy":"category","embeddable":true,"href":"https:\/\/pdt-rj.org.br\/index.php\/wp-json\/wp\/v2\/categories?post=73033"},{"taxonomy":"post_tag","embeddable":true,"href":"https:\/\/pdt-rj.org.br\/index.php\/wp-json\/wp\/v2\/tags?post=73033"}],"curies":[{"name":"wp","href":"https:\/\/api.w.org\/{rel}","templated":true}]}}