{"id":73018,"date":"2020-08-07T17:11:05","date_gmt":"2020-08-07T20:11:05","guid":{"rendered":"http:\/\/pdt-rj.org.br\/?p=73018"},"modified":"2020-08-07T17:12:47","modified_gmt":"2020-08-07T20:12:47","slug":"mario-heringer-defende-obrigatoriedade-de-teste-para-viajantes-com-destino-ao-brasil","status":"publish","type":"post","link":"https:\/\/pdt-rj.org.br\/index.php\/mario-heringer-defende-obrigatoriedade-de-teste-para-viajantes-com-destino-ao-brasil\/","title":{"rendered":"M\u00e1rio Heringer defende obrigatoriedade de teste para viajantes com destino ao Brasil"},"content":{"rendered":"<p>O deputado federal Dr. M\u00e1rio Heringer (PDT-MG) \u00e9 autor de Projeto de Lei (PL) determinando normas mais r\u00edgidas para quem ingressa ao Brasil. A ideia \u00e9 que todos passageiros do exterior comprovem que n\u00e3o est\u00e3o contaminados com o coronav\u00edrus, inclusive brasileiros. A medida atualmente em vigor, do governo federal, exige apenas a comprova\u00e7\u00e3o de seguro m\u00e9dico durante estadia no territ\u00f3rio brasileiro.<\/p>\n<p>\u201cSabemos que o sistema de sa\u00fade de cidades brasileiras, em alguns casos, est\u00e1 sobrecarregado, somando os servi\u00e7os p\u00fablico e privado. Apresentar seguro de sa\u00fade n\u00e3o basta, n\u00e3o \u00e9 garantia de atendimento. S\u00f3 o teste negativo ou o isolamento total podem impedir a dissemina\u00e7\u00e3o do v\u00edrus\u201d, defende o parlamentar, segundo-secret\u00e1rio da C\u00e2mara dos Deputados.<\/p>\n<p>O PL 4018\/2020 prev\u00ea testagem compuls\u00f3ria gratuita pela Ag\u00eancia Nacional de Vigil\u00e2ncia Sanit\u00e1ria (Anvisa) ou comprometimento, por escrito, de quarentena, isolamento total por duas semanas.<\/p>\n<p>Contabilizando cerca de 100 mil mortes pelo coronav\u00edrus, o Brasil \u00e9 considerado por muitas outras na\u00e7\u00f5es como pa\u00eds com pandemia descontrolada. Dessa forma, viajantes que venham do Brasil est\u00e3o impedidos de entrar em pa\u00edses da Uni\u00e3o Europeia. Estados Unidos, Jap\u00e3o e Uruguai tamb\u00e9m adotaram essa medida.<\/p>\n<p>\u201cEu costumo dizer que o v\u00edrus chegou ao Brasil de avi\u00e3o e, agora, j\u00e1 existem registros de recome\u00e7o de contamina\u00e7\u00e3o e, infelizmente, de mortes em alguns pa\u00edses, a chamada segunda onda, que os obrigam a recuar nas medidas de relaxamento como abertura de setores econ\u00f4micos\u201d, assinala o presidente do PDT de Minas Gerais.<\/p>\n<!-- AddThis Advanced Settings generic via filter on the_content --><!-- AddThis Share Buttons generic via filter on the_content -->","protected":false},"excerpt":{"rendered":"<p>O deputado federal Dr. M\u00e1rio Heringer (PDT-MG) \u00e9 autor de Projeto de Lei (PL) determinando normas mais r\u00edgidas para quem ingressa ao Brasil. A ideia \u00e9 que todos passageiros do exterior comprovem que n\u00e3o est\u00e3o contaminados com o coronav\u00edrus, inclusive brasileiros. A medida atualmente em vigor, do governo federal, exige apenas a comprova\u00e7\u00e3o de seguro&#8230;<!-- AddThis Advanced Settings generic via filter on wp_trim_excerpt --><!-- AddThis Share Buttons generic via filter on wp_trim_excerpt --><\/p>\n","protected":false},"author":17,"featured_media":73024,"comment_status":"closed","ping_status":"closed","sticky":false,"template":"","format":"standard","meta":{"_monsterinsights_skip_tracking":false,"_monsterinsights_sitenote_active":false,"_monsterinsights_sitenote_note":"","_monsterinsights_sitenote_category":0,"_uf_show_specific_survey":0,"_uf_disable_surveys":false,"footnotes":""},"categories":[1390,1459],"tags":[1175,3846,3847,2258],"class_list":["post-73018","post","type-post","status-publish","format-standard","has-post-thumbnail","hentry","category-editorias","category-congresso","tag-mario-heringer","tag-obrigatoriedade-de-teste","tag-passageiros","tag-sistema-de-saude"],"acf":[],"_links":{"self":[{"href":"https:\/\/pdt-rj.org.br\/index.php\/wp-json\/wp\/v2\/posts\/73018","targetHints":{"allow":["GET"]}}],"collection":[{"href":"https:\/\/pdt-rj.org.br\/index.php\/wp-json\/wp\/v2\/posts"}],"about":[{"href":"https:\/\/pdt-rj.org.br\/index.php\/wp-json\/wp\/v2\/types\/post"}],"author":[{"embeddable":true,"href":"https:\/\/pdt-rj.org.br\/index.php\/wp-json\/wp\/v2\/users\/17"}],"replies":[{"embeddable":true,"href":"https:\/\/pdt-rj.org.br\/index.php\/wp-json\/wp\/v2\/comments?post=73018"}],"version-history":[{"count":3,"href":"https:\/\/pdt-rj.org.br\/index.php\/wp-json\/wp\/v2\/posts\/73018\/revisions"}],"predecessor-version":[{"id":73021,"href":"https:\/\/pdt-rj.org.br\/index.php\/wp-json\/wp\/v2\/posts\/73018\/revisions\/73021"}],"wp:featuredmedia":[{"embeddable":true,"href":"https:\/\/pdt-rj.org.br\/index.php\/wp-json\/wp\/v2\/media\/73024"}],"wp:attachment":[{"href":"https:\/\/pdt-rj.org.br\/index.php\/wp-json\/wp\/v2\/media?parent=73018"}],"wp:term":[{"taxonomy":"category","embeddable":true,"href":"https:\/\/pdt-rj.org.br\/index.php\/wp-json\/wp\/v2\/categories?post=73018"},{"taxonomy":"post_tag","embeddable":true,"href":"https:\/\/pdt-rj.org.br\/index.php\/wp-json\/wp\/v2\/tags?post=73018"}],"curies":[{"name":"wp","href":"https:\/\/api.w.org\/{rel}","templated":true}]}}