{"id":73000,"date":"2020-08-07T13:35:35","date_gmt":"2020-08-07T16:35:35","guid":{"rendered":"http:\/\/pdt-rj.org.br\/?p=73000"},"modified":"2020-08-12T22:32:24","modified_gmt":"2020-08-13T01:32:24","slug":"pdt-publica-normas-para-financiamento-de-campanhas-para-as-eleicoes-de-2020","status":"publish","type":"post","link":"https:\/\/pdt-rj.org.br\/index.php\/pdt-publica-normas-para-financiamento-de-campanhas-para-as-eleicoes-de-2020\/","title":{"rendered":"PDT publica normas para financiamento de campanhas para as elei\u00e7\u00f5es de 2020"},"content":{"rendered":"<p>O PDT acaba de publicar a <strong><a href=\"http:\/\/pdt-rj.org.br\/wp-content\/uploads\/2020\/08\/Resolucao_003-2020-FEFC.pdf\">Resolu\u00e7\u00e3o 003\/2020<\/a><\/strong> que disp\u00f5e sobre o financiamento das campanhas municipais para as elei\u00e7\u00f5es deste ano. O documento foi elaborado na manh\u00e3 de hoje (7), durante reuni\u00e3o online da Executiva Nacional.<\/p>\n<p>A Resolu\u00e7\u00e3o, assinada pelo presidente nacional do PDT, Carlos Lupi, \u201cfixa normas e crit\u00e9rios para a distribui\u00e7\u00e3o do Fundo Especial de Financiamento de Campanha (FEFC) para os Diret\u00f3rios Estaduais, Municipais e Candidatos (as) Majorit\u00e1rios e Proporcionais, nas Elei\u00e7\u00f5es de 2020\u201d.<\/p>\n<p>Confira a \u00edntegra da Resolu\u00e7\u00e3o 003\/2020 abaixo.<\/p>\n<p><strong><a href=\"http:\/\/pdt-rj.org.br\/wp-content\/uploads\/2020\/08\/Resolucao_003-2020-FEFC.pdf\">Resolu\u00e7\u00e3o 003\/2020 &#8211; Fundo Especial de Financiamento de Campanha (FEFC).<\/a><\/strong><\/p>\n<!-- AddThis Advanced Settings generic via filter on the_content --><!-- AddThis Share Buttons generic via filter on the_content -->","protected":false},"excerpt":{"rendered":"<p>O PDT acaba de publicar a Resolu\u00e7\u00e3o 003\/2020 que disp\u00f5e sobre o financiamento das campanhas municipais para as elei\u00e7\u00f5es deste ano. O documento foi elaborado na manh\u00e3 de hoje (7), durante reuni\u00e3o online da Executiva Nacional. A Resolu\u00e7\u00e3o, assinada pelo presidente nacional do PDT, Carlos Lupi, \u201cfixa normas e crit\u00e9rios para a distribui\u00e7\u00e3o do Fundo&#8230;<!-- AddThis Advanced Settings generic via filter on wp_trim_excerpt --><!-- AddThis Share Buttons generic via filter on wp_trim_excerpt --><\/p>\n","protected":false},"author":17,"featured_media":53694,"comment_status":"closed","ping_status":"closed","sticky":false,"template":"","format":"standard","meta":{"_monsterinsights_skip_tracking":false,"_monsterinsights_sitenote_active":false,"_monsterinsights_sitenote_note":"","_monsterinsights_sitenote_category":0,"_uf_show_specific_survey":0,"_uf_disable_surveys":false,"footnotes":""},"categories":[1390,3327,1401,976],"tags":[196,383,404,38,3854],"class_list":["post-73000","post","type-post","status-publish","format-standard","has-post-thumbnail","hentry","category-editorias","category-eleicoes-2020","category-nacional","category-noticias-em-destaque","tag-carlos-lupi","tag-executiva-nacional","tag-financiamento-de-campanha","tag-pdt","tag-resolucao-003-2020"],"acf":[],"_links":{"self":[{"href":"https:\/\/pdt-rj.org.br\/index.php\/wp-json\/wp\/v2\/posts\/73000","targetHints":{"allow":["GET"]}}],"collection":[{"href":"https:\/\/pdt-rj.org.br\/index.php\/wp-json\/wp\/v2\/posts"}],"about":[{"href":"https:\/\/pdt-rj.org.br\/index.php\/wp-json\/wp\/v2\/types\/post"}],"author":[{"embeddable":true,"href":"https:\/\/pdt-rj.org.br\/index.php\/wp-json\/wp\/v2\/users\/17"}],"replies":[{"embeddable":true,"href":"https:\/\/pdt-rj.org.br\/index.php\/wp-json\/wp\/v2\/comments?post=73000"}],"version-history":[{"count":11,"href":"https:\/\/pdt-rj.org.br\/index.php\/wp-json\/wp\/v2\/posts\/73000\/revisions"}],"predecessor-version":[{"id":73090,"href":"https:\/\/pdt-rj.org.br\/index.php\/wp-json\/wp\/v2\/posts\/73000\/revisions\/73090"}],"wp:featuredmedia":[{"embeddable":true,"href":"https:\/\/pdt-rj.org.br\/index.php\/wp-json\/wp\/v2\/media\/53694"}],"wp:attachment":[{"href":"https:\/\/pdt-rj.org.br\/index.php\/wp-json\/wp\/v2\/media?parent=73000"}],"wp:term":[{"taxonomy":"category","embeddable":true,"href":"https:\/\/pdt-rj.org.br\/index.php\/wp-json\/wp\/v2\/categories?post=73000"},{"taxonomy":"post_tag","embeddable":true,"href":"https:\/\/pdt-rj.org.br\/index.php\/wp-json\/wp\/v2\/tags?post=73000"}],"curies":[{"name":"wp","href":"https:\/\/api.w.org\/{rel}","templated":true}]}}