{"id":72993,"date":"2020-08-05T21:42:43","date_gmt":"2020-08-06T00:42:43","guid":{"rendered":"http:\/\/pdt-rj.org.br\/?p=72993"},"modified":"2020-08-05T21:42:43","modified_gmt":"2020-08-06T00:42:43","slug":"movimento-cultural-darcy-ribeiro-condena-governo-bolsonaro-por-desmantelamento-do-setor","status":"publish","type":"post","link":"https:\/\/pdt-rj.org.br\/index.php\/movimento-cultural-darcy-ribeiro-condena-governo-bolsonaro-por-desmantelamento-do-setor\/","title":{"rendered":"Movimento Cultural Darcy Ribeiro condena governo Bolsonaro por desmantelamento do setor"},"content":{"rendered":"<div class=\"msg-body P_wpofO mq_AS\" data-test-id=\"message-view-body-content\">\n<div class=\"jb_0 X_6MGW N_6Fd5\">\n<div id=\"yiv1878966614\">\n<div dir=\"ltr\">\n<p class=\"yiv1878966614MsoNormal\"><em><b>Com Manoel Dias, lideran\u00e7as do movimento ratificaram a relev\u00e2ncia da mobiliza\u00e7\u00e3o pela pauta popular<\/b><\/em><\/p>\n<p class=\"yiv1878966614MsoNormal\">\n<p class=\"yiv1878966614MsoNormal\">Com debate, m\u00fasica e hist\u00f3ria, lideran\u00e7as nacionais do Movimento Cultural Darcy Ribeiro (MCDR) defenderam pautas democr\u00e1ticas e criticaram os retrocessos impostos por Bolsonaro ao longo programa \u2018Quartas Trabalhistas\u2019, que foi exibido ao vivo, neste dia 5 de agosto, pelas redes sociais da Funda\u00e7\u00e3o Leonel Brizola \u2013 Alberto Pasqualini (FLB-AP).<\/p>\n<p class=\"yiv1878966614MsoNormal\">Liderado pelo presidente Funda\u00e7\u00e3o e secret\u00e1rio-geral nacional do PDT, Manoel Dias, o encontro contou a presen\u00e7a do presidente do MCDR, Roberto Viana, que valorizou o trabalho de reconstru\u00e7\u00e3o do setor e restabelecimento de pol\u00edticas p\u00fablicas realizado em conjunto com a dire\u00e7\u00e3o nacional, a partir do secret\u00e1rio-geral, Lauri Bernardes, e das representa\u00e7\u00f5es estaduais, incluindo a presidente do movimento na Bahia, Meire Jane.<\/p>\n<p class=\"yiv1878966614MsoNormal\">\u201cA convic\u00e7\u00e3o dos trabalhistas, como Get\u00falio, Brizola e Darcy, n\u00e3o envelhece, muito menos morre. Amar e mudar as coisas devem nos interessar mais, pois somos um setorial de cultura do PDT\u201d, afirmou Roberto Viana, ao criticar os ataques do governo bolsonarista: \u201cO primeiro foi a dissolu\u00e7\u00e3o do Minist\u00e9rio da Cultura e, na sequ\u00eancia, os discursos fascistas dos secret\u00e1rios, que nem um plano formularam. Desmantelaram tudo. \u00c9 o nefasto legado de um presidente genocida, mas estamos na resist\u00eancia.\u201d<\/p>\n<p class=\"yiv1878966614MsoNormal\">Destacando o processo de organiza\u00e7\u00e3o pelos n\u00facleos de base e forma\u00e7\u00e3o pela Universidade Aberta Leonel Brizola (ULB), que est\u00e3o na ess\u00eancia do partido, Manoel Dias enfatizou que a tem\u00e1tica \u00e9 uma das principais riquezas na constru\u00e7\u00e3o de uma na\u00e7\u00e3o.<\/p>\n<p class=\"yiv1878966614MsoNormal\">\u201cO Brasil, pela sua pluralidade, mostra diferenciais com a m\u00fasica, da literatura e tantas outras formas de mobiliza\u00e7\u00e3o. Nos dias atuais, onde enfrentamos a pandemia, fica ainda mais evidente a for\u00e7a dessa ferramenta enraizada no cidad\u00e3o\u201d, relatou.<\/p>\n<p class=\"yiv1878966614MsoNormal\">Presen\u00e7a<\/p>\n<p class=\"yiv1878966614MsoNormal\">Durante o programa, que foi transmitido pelo Est\u00fadio Legalidade e Central de M\u00eddias Socais no Youtube e Facebook, garantiu ainda a an\u00e1lise da atua\u00e7\u00e3o em pautas priorit\u00e1rias, incluindo a aprova\u00e7\u00e3o da Lei Aldir Blanc, que garantiu R$ 3 bilh\u00f5es para a\u00e7\u00f5es emergenciais de apoio ao campo cultural e seus trabalhadores durante a pandemia de covid-19.<\/p>\n<p class=\"yiv1878966614MsoNormal\">Lauri Bernardes ratificou os posicionamentos ao mencionar a representatividade das organiza\u00e7\u00f5es partid\u00e1rias na prote\u00e7\u00e3o das bandeiras trabalhistas e no enfrentamento dos retrocessos apresentados por uma gest\u00e3o federal que, segundo ele, \u201cn\u00e3o contempla compromissos com o pobre, muito menos com as minorias\u201d.<\/p>\n<p class=\"yiv1878966614MsoNormal\">\u201cO PDT acredita nos movimentos e valoriza sua base. J\u00e1 chegamos em 20 estados e buscamos avan\u00e7ar ao lado dos companheiros diretamente na ponta. Isso \u00e9 fundamental para aflorar o sentimento de pertencimento da p\u00e1tria\u201d, exaltou, destacando a qualifica\u00e7\u00e3o dos quadros atrav\u00e9s de forma\u00e7\u00f5es continuadas.<\/p>\n<p class=\"yiv1878966614MsoNormal\">Ao registrar o falecimento do professor e escritor, Jorge Portugal, Meire Jane indicou que a cultura \u00e9 essencial, pois \u201cd\u00e1 o caminho\u201d. Nesse sentido, ela reafirmou o compromisso da sigla criada por Leonel Brizola na constru\u00e7\u00e3o colaborativa de uma na\u00e7\u00e3o popular e igualit\u00e1ria.<\/p>\n<p class=\"yiv1878966614MsoNormal\">\u201cPrecisamos debater sempre a cultura para fortalecer pensamentos em prol da igualdade. Assim, abriremos espa\u00e7o para o di\u00e1logo em conjunto com outras pautas essenciais, como educa\u00e7\u00e3o, sa\u00fade e seguran\u00e7a. O povo pode sempre colaborar, pois ele \u00e9 a base e o\u00a0 partido est\u00e1 ao seu lado\u201d, comentou citar que mais de 60% do movimento \u00e9 composto por mulheres.<\/p>\n<p class=\"yiv1878966614MsoNormal\">Veja a \u00edntegra do programa:<\/p>\n<p><iframe loading=\"lazy\" title=\"QUARTAS TRABALHISTAS - Movimentos do PDT\" width=\"640\" height=\"360\" src=\"https:\/\/www.youtube.com\/embed\/CwIiX_t2phc?feature=oembed\" frameborder=\"0\" allow=\"accelerometer; autoplay; clipboard-write; encrypted-media; gyroscope; picture-in-picture; web-share\" referrerpolicy=\"strict-origin-when-cross-origin\" allowfullscreen><\/iframe><\/p>\n<\/div>\n<\/div>\n<\/div>\n<\/div>\n<!-- AddThis Advanced Settings generic via filter on the_content --><!-- AddThis Share Buttons generic via filter on the_content -->","protected":false},"excerpt":{"rendered":"<p>Com Manoel Dias, lideran\u00e7as do movimento ratificaram a relev\u00e2ncia da mobiliza\u00e7\u00e3o pela pauta popular Com debate, m\u00fasica e hist\u00f3ria, lideran\u00e7as nacionais do Movimento Cultural Darcy Ribeiro (MCDR) defenderam pautas democr\u00e1ticas e criticaram os retrocessos impostos por Bolsonaro ao longo programa \u2018Quartas Trabalhistas\u2019, que foi exibido ao vivo, neste dia 5 de agosto, pelas redes sociais&#8230;<!-- AddThis Advanced Settings generic via filter on wp_trim_excerpt --><!-- AddThis Share Buttons generic via filter on wp_trim_excerpt --><\/p>\n","protected":false},"author":17,"featured_media":72994,"comment_status":"closed","ping_status":"closed","sticky":false,"template":"","format":"standard","meta":{"_monsterinsights_skip_tracking":false,"_monsterinsights_sitenote_active":false,"_monsterinsights_sitenote_note":"","_monsterinsights_sitenote_category":0,"_uf_show_specific_survey":0,"_uf_disable_surveys":false,"footnotes":""},"categories":[1390,1397],"tags":[],"class_list":["post-72993","post","type-post","status-publish","format-standard","has-post-thumbnail","hentry","category-editorias","category-movimentos"],"acf":[],"_links":{"self":[{"href":"https:\/\/pdt-rj.org.br\/index.php\/wp-json\/wp\/v2\/posts\/72993","targetHints":{"allow":["GET"]}}],"collection":[{"href":"https:\/\/pdt-rj.org.br\/index.php\/wp-json\/wp\/v2\/posts"}],"about":[{"href":"https:\/\/pdt-rj.org.br\/index.php\/wp-json\/wp\/v2\/types\/post"}],"author":[{"embeddable":true,"href":"https:\/\/pdt-rj.org.br\/index.php\/wp-json\/wp\/v2\/users\/17"}],"replies":[{"embeddable":true,"href":"https:\/\/pdt-rj.org.br\/index.php\/wp-json\/wp\/v2\/comments?post=72993"}],"version-history":[{"count":1,"href":"https:\/\/pdt-rj.org.br\/index.php\/wp-json\/wp\/v2\/posts\/72993\/revisions"}],"predecessor-version":[{"id":72995,"href":"https:\/\/pdt-rj.org.br\/index.php\/wp-json\/wp\/v2\/posts\/72993\/revisions\/72995"}],"wp:featuredmedia":[{"embeddable":true,"href":"https:\/\/pdt-rj.org.br\/index.php\/wp-json\/wp\/v2\/media\/72994"}],"wp:attachment":[{"href":"https:\/\/pdt-rj.org.br\/index.php\/wp-json\/wp\/v2\/media?parent=72993"}],"wp:term":[{"taxonomy":"category","embeddable":true,"href":"https:\/\/pdt-rj.org.br\/index.php\/wp-json\/wp\/v2\/categories?post=72993"},{"taxonomy":"post_tag","embeddable":true,"href":"https:\/\/pdt-rj.org.br\/index.php\/wp-json\/wp\/v2\/tags?post=72993"}],"curies":[{"name":"wp","href":"https:\/\/api.w.org\/{rel}","templated":true}]}}