{"id":72984,"date":"2020-08-05T17:56:42","date_gmt":"2020-08-05T20:56:42","guid":{"rendered":"http:\/\/pdt-rj.org.br\/?p=72984"},"modified":"2020-08-05T21:34:11","modified_gmt":"2020-08-06T00:34:11","slug":"em-manifesto-pdt-diversidade-exalta-participacao-lgbti-nas-eleicoes-2020","status":"publish","type":"post","link":"https:\/\/pdt-rj.org.br\/index.php\/em-manifesto-pdt-diversidade-exalta-participacao-lgbti-nas-eleicoes-2020\/","title":{"rendered":"Em manifesto, PDT Diversidade exalta participa\u00e7\u00e3o LGBTI nas elei\u00e7\u00f5es 2020"},"content":{"rendered":"<p>\u201cReconhecimento e exerc\u00edcio de nossa cidadania plena.\u201d Diante do fortalecimento LGBTI na disputa pelas vagas de prefeito e vereador nas elei\u00e7\u00f5es de 2020, o PDT Diversidade divulgou um manifesto, nesta quarta-feira (5), exaltando a amplia\u00e7\u00e3o da representatividade conquistada no cen\u00e1rio pol\u00edtico a partir da atua\u00e7\u00e3o da milit\u00e2ncia em siglas progressistas.<\/p>\n<p>\u201cCongratulamos aos partidos brasileiros pela inser\u00e7\u00e3o de nossa popula\u00e7\u00e3o nos pleitos eleitorais proporcionais e majorit\u00e1rios deste ano, somando um n\u00famero elevado e jamais visto, em pleitos anteriores, de pr\u00e9-candidatos lutando pela emancipa\u00e7\u00e3o de nossa popula\u00e7\u00e3o\u201d, afirma o movimento, que j\u00e1 soma 82 pr\u00e9-candidaturas em todo o pa\u00eds, sendo uma de prefeito e outra de vice.<\/p>\n<p>\u201cNos cumpre parabenizar \u00e0 lideran\u00e7a do Partido Democr\u00e1tico Trabalhista, tanto no Senado quanto na C\u00e2mara, e ao presidente nacional do partido, Carlos Lupi, que v\u00eam travando batalhas para a manuten\u00e7\u00e3o de nossa democracia e a manuten\u00e7\u00e3o dos direitos do povo brasileiro, incansavelmente, seja na esfera parlamentar, seja na esfera jur\u00eddica\u201d, destaca o texto.<\/p>\n<p>Ao falar da luta pela emancipa\u00e7\u00e3o em um cen\u00e1rio de reacionarismo e preconceito na sociedade brasileira, a organiza\u00e7\u00e3o pedetista reafirma sua atua\u00e7\u00e3o organizada e estruturada, bem como respaldada pela dire\u00e7\u00e3o nacional do partido, na busca por uma atua\u00e7\u00e3o cada vez mais protagonista e engajada de seus representantes. Segundo os signat\u00e1rios, \u00e9 priorit\u00e1rio a coloca\u00e7\u00e3o das pautas de l\u00e9sbicas, gays, bissexuais, travestis, transexuais e intersexuais no centro do debate eleitoral para a constru\u00e7\u00e3o de legisla\u00e7\u00f5es e pol\u00edticas p\u00fablicas mais eficientes e universais.<\/p>\n<p>\u201cO PDT certamente n\u00e3o se furtar\u00e1 nessa contribui\u00e7\u00e3o para a constru\u00e7\u00e3o de uma sociedade justa e igual para todo e qualquer cidad\u00e3o brasileiro, visando sua representatividade\u201d, complementa o documento.<\/p>\n<p>Confira abaixo a \u00edntegra do manifesto.<\/p>\n<p><a href=\"http:\/\/pdt-rj.org.br\/wp-content\/uploads\/2020\/08\/Manifesto-do-PDT-Diversidade-\u00e0-popula\u00e7\u00e3o-LGBTI-brasileira.pdf\">Manifesto do PDT Diversidade \u00e0 popula\u00e7\u00e3o LGBTI brasileira<\/a><\/p>\n<!-- AddThis Advanced Settings generic via filter on the_content --><!-- AddThis Share Buttons generic via filter on the_content -->","protected":false},"excerpt":{"rendered":"<p>\u201cReconhecimento e exerc\u00edcio de nossa cidadania plena.\u201d Diante do fortalecimento LGBTI na disputa pelas vagas de prefeito e vereador nas elei\u00e7\u00f5es de 2020, o PDT Diversidade divulgou um manifesto, nesta quarta-feira (5), exaltando a amplia\u00e7\u00e3o da representatividade conquistada no cen\u00e1rio pol\u00edtico a partir da atua\u00e7\u00e3o da milit\u00e2ncia em siglas progressistas. \u201cCongratulamos aos partidos brasileiros pela&#8230;<!-- AddThis Advanced Settings generic via filter on wp_trim_excerpt --><!-- AddThis Share Buttons generic via filter on wp_trim_excerpt --><\/p>\n","protected":false},"author":17,"featured_media":72985,"comment_status":"closed","ping_status":"closed","sticky":false,"template":"","format":"standard","meta":{"_monsterinsights_skip_tracking":false,"_monsterinsights_sitenote_active":false,"_monsterinsights_sitenote_note":"","_monsterinsights_sitenote_category":0,"_uf_show_specific_survey":0,"_uf_disable_surveys":false,"footnotes":""},"categories":[3327,1397,976],"tags":[51,196,2710,38,59],"class_list":["post-72984","post","type-post","status-publish","format-standard","has-post-thumbnail","hentry","category-eleicoes-2020","category-movimentos","category-noticias-em-destaque","tag-amanda-anderson","tag-carlos-lupi","tag-lgbti","tag-pdt","tag-pdt-diversidade"],"acf":[],"_links":{"self":[{"href":"https:\/\/pdt-rj.org.br\/index.php\/wp-json\/wp\/v2\/posts\/72984","targetHints":{"allow":["GET"]}}],"collection":[{"href":"https:\/\/pdt-rj.org.br\/index.php\/wp-json\/wp\/v2\/posts"}],"about":[{"href":"https:\/\/pdt-rj.org.br\/index.php\/wp-json\/wp\/v2\/types\/post"}],"author":[{"embeddable":true,"href":"https:\/\/pdt-rj.org.br\/index.php\/wp-json\/wp\/v2\/users\/17"}],"replies":[{"embeddable":true,"href":"https:\/\/pdt-rj.org.br\/index.php\/wp-json\/wp\/v2\/comments?post=72984"}],"version-history":[{"count":5,"href":"https:\/\/pdt-rj.org.br\/index.php\/wp-json\/wp\/v2\/posts\/72984\/revisions"}],"predecessor-version":[{"id":72992,"href":"https:\/\/pdt-rj.org.br\/index.php\/wp-json\/wp\/v2\/posts\/72984\/revisions\/72992"}],"wp:featuredmedia":[{"embeddable":true,"href":"https:\/\/pdt-rj.org.br\/index.php\/wp-json\/wp\/v2\/media\/72985"}],"wp:attachment":[{"href":"https:\/\/pdt-rj.org.br\/index.php\/wp-json\/wp\/v2\/media?parent=72984"}],"wp:term":[{"taxonomy":"category","embeddable":true,"href":"https:\/\/pdt-rj.org.br\/index.php\/wp-json\/wp\/v2\/categories?post=72984"},{"taxonomy":"post_tag","embeddable":true,"href":"https:\/\/pdt-rj.org.br\/index.php\/wp-json\/wp\/v2\/tags?post=72984"}],"curies":[{"name":"wp","href":"https:\/\/api.w.org\/{rel}","templated":true}]}}