{"id":72957,"date":"2020-08-04T15:45:48","date_gmt":"2020-08-04T18:45:48","guid":{"rendered":"http:\/\/pdt-rj.org.br\/?p=72957"},"modified":"2020-08-04T15:45:48","modified_gmt":"2020-08-04T18:45:48","slug":"andre-figueiredo-exige-informacoes-diarias-sobre-a-evolucao-da-covid-19-no-pais","status":"publish","type":"post","link":"https:\/\/pdt-rj.org.br\/index.php\/andre-figueiredo-exige-informacoes-diarias-sobre-a-evolucao-da-covid-19-no-pais\/","title":{"rendered":"Andr\u00e9 Figueiredo exige informa\u00e7\u00f5es di\u00e1rias sobre a evolu\u00e7\u00e3o da Covid-19 no Pa\u00eds"},"content":{"rendered":"<p>O l\u00edder da oposi\u00e7\u00e3o na C\u00e2mara, deputado Andr\u00e9 Figueiredo (PDT-CE), possui duas propostas, em an\u00e1lise na C\u00e2mara, que obriga os \u00f3rg\u00e3os de sa\u00fade da Uni\u00e3o, estados, munic\u00edpios e o Distrito Federal a informarem, diariamente, boletim epidemiol\u00f3gico sobre a Covid-19.<\/p>\n<p>O Projeto de Lei (PL) <strong><a href=\"https:\/\/www.camara.leg.br\/proposicoesWeb\/fichadetramitacao?idProposicao=2254728\">3161\/20<\/a><\/strong> obriga que o Legislativo brasileiro seja informado diariamente, at\u00e9 \u00e0s 17 horas, sobre o n\u00famero de pessoas infectadas, recuperadas, em tratamento e que morreram em raz\u00e3o da Covid-19 no Brasil. Os dados fornecidos ser\u00e3o disponibilizados at\u00e9 \u00e0s 19 horas nos sites oficiais das duas casas do Congresso Nacional.<\/p>\n<p>J\u00e1 o PL\u00a0<strong><a href=\"https:\/\/www.camara.leg.br\/proposicoesWeb\/fichadetramitacao?idProposicao=2254732\">3163\/20<\/a><\/strong>\u00a0exige que o Pal\u00e1cio do Planalto, por meio do Minist\u00e9rio da Sa\u00fade, forne\u00e7a, at\u00e9 \u00e0s 18 horas, boletim di\u00e1rio, sobre a situa\u00e7\u00e3o epidemiol\u00f3gica da Covid-19, l com os dados registrados nas \u00faltimas 24 (vinte e quatro) horas, bem como com os dados acumulados.<\/p>\n<p>A exig\u00eancia de Andr\u00e9 Figueiredo se deu ap\u00f3s o Minist\u00e9rio da Sa\u00fade apresentar novas regras para apresenta\u00e7\u00e3o dos dados sobre a doen\u00e7a. Em junho deste ano, o site oficial do minist\u00e9rio deixou de apresentar dados acumulados sobre infectados e mortos pela Covid-19 no Brasil, exibindo apenas os resultados das \u00faltimas 24 horas.<\/p>\n<p>&#8220;Por in\u00fameros motivos, e de maneira reiterada, os dados acerca do n\u00famero de infectados, mortos, recuperados e em<br \/>\ntratamento est\u00e1 cada vez menos acess\u00edvel. Diante dessa situa\u00e7\u00e3o, e at\u00e9 mesmo para o exerc\u00edcio de uma de suas fun\u00e7\u00f5es constitucionais mais importantes, qual seja, a de fiscaliza\u00e7\u00e3o do Poder Executivo, \u00e9 essencial que o Poder<br \/>\nLegislativo tenha acesso a esses dados. &#8220;, afirma o pedetista.<\/p>\n<p>Ambas as propostas ser\u00e3o analisadas em conjunto com o PL\u00a0<strong><a href=\"https:\/\/www.camara.leg.br\/proposicoesWeb\/fichadetramitacao?idProposicao=2244115\">1622\/20<\/a><\/strong>, que determina a obrigatoriedade da notifica\u00e7\u00e3o compuls\u00f3ria e imediata dos diagn\u00f3sticos de casos de s\u00edndrome respirat\u00f3ria aguda, assim como dos casos suspeitos e confirmados da Covid-19.<\/p>\n<p>As notifica\u00e7\u00f5es compuls\u00f3rias dever\u00e3o seguir os protocolos e defini\u00e7\u00f5es do Minist\u00e9rio da Sa\u00fade e ser apresentadas ao Centro de Informa\u00e7\u00f5es Estrat\u00e9gicas de Vigil\u00e2ncia em Sa\u00fade (Cieves) das Secretarias de Estado da Sa\u00fade, independentemente de onde tenha ocorrido o atendimento \u2013 ou seja, em qualquer unidade de sa\u00fade p\u00fablica ou privada.<\/p>\n<!-- AddThis Advanced Settings generic via filter on the_content --><!-- AddThis Share Buttons generic via filter on the_content -->","protected":false},"excerpt":{"rendered":"<p>O l\u00edder da oposi\u00e7\u00e3o na C\u00e2mara, deputado Andr\u00e9 Figueiredo (PDT-CE), possui duas propostas, em an\u00e1lise na C\u00e2mara, que obriga os \u00f3rg\u00e3os de sa\u00fade da Uni\u00e3o, estados, munic\u00edpios e o Distrito Federal a informarem, diariamente, boletim epidemiol\u00f3gico sobre a Covid-19. O Projeto de Lei (PL) 3161\/20 obriga que o Legislativo brasileiro seja informado diariamente, at\u00e9 \u00e0s&#8230;<!-- AddThis Advanced Settings generic via filter on wp_trim_excerpt --><!-- AddThis Share Buttons generic via filter on wp_trim_excerpt --><\/p>\n","protected":false},"author":17,"featured_media":72960,"comment_status":"closed","ping_status":"closed","sticky":false,"template":"","format":"standard","meta":{"_monsterinsights_skip_tracking":false,"_monsterinsights_sitenote_active":false,"_monsterinsights_sitenote_note":"","_monsterinsights_sitenote_category":0,"_uf_show_specific_survey":0,"_uf_disable_surveys":false,"footnotes":""},"categories":[1390,1459],"tags":[3834,3348,623,3204],"class_list":["post-72957","post","type-post","status-publish","format-standard","has-post-thumbnail","hentry","category-editorias","category-congresso","tag-acesso-a-informacao","tag-covid-19","tag-ministerio-da-saude","tag-projeto-de-lei"],"acf":[],"_links":{"self":[{"href":"https:\/\/pdt-rj.org.br\/index.php\/wp-json\/wp\/v2\/posts\/72957","targetHints":{"allow":["GET"]}}],"collection":[{"href":"https:\/\/pdt-rj.org.br\/index.php\/wp-json\/wp\/v2\/posts"}],"about":[{"href":"https:\/\/pdt-rj.org.br\/index.php\/wp-json\/wp\/v2\/types\/post"}],"author":[{"embeddable":true,"href":"https:\/\/pdt-rj.org.br\/index.php\/wp-json\/wp\/v2\/users\/17"}],"replies":[{"embeddable":true,"href":"https:\/\/pdt-rj.org.br\/index.php\/wp-json\/wp\/v2\/comments?post=72957"}],"version-history":[{"count":7,"href":"https:\/\/pdt-rj.org.br\/index.php\/wp-json\/wp\/v2\/posts\/72957\/revisions"}],"predecessor-version":[{"id":72969,"href":"https:\/\/pdt-rj.org.br\/index.php\/wp-json\/wp\/v2\/posts\/72957\/revisions\/72969"}],"wp:featuredmedia":[{"embeddable":true,"href":"https:\/\/pdt-rj.org.br\/index.php\/wp-json\/wp\/v2\/media\/72960"}],"wp:attachment":[{"href":"https:\/\/pdt-rj.org.br\/index.php\/wp-json\/wp\/v2\/media?parent=72957"}],"wp:term":[{"taxonomy":"category","embeddable":true,"href":"https:\/\/pdt-rj.org.br\/index.php\/wp-json\/wp\/v2\/categories?post=72957"},{"taxonomy":"post_tag","embeddable":true,"href":"https:\/\/pdt-rj.org.br\/index.php\/wp-json\/wp\/v2\/tags?post=72957"}],"curies":[{"name":"wp","href":"https:\/\/api.w.org\/{rel}","templated":true}]}}