{"id":72954,"date":"2020-08-04T11:27:26","date_gmt":"2020-08-04T14:27:26","guid":{"rendered":"http:\/\/pdt-rj.org.br\/?p=72954"},"modified":"2020-08-04T15:54:49","modified_gmt":"2020-08-04T18:54:49","slug":"stf-atende-ao-pedido-do-pdt-e-uso-de-mascara-volta-a-ser-obrigatorio-em-todos-os-espacos-publicos","status":"publish","type":"post","link":"https:\/\/pdt-rj.org.br\/index.php\/stf-atende-ao-pedido-do-pdt-e-uso-de-mascara-volta-a-ser-obrigatorio-em-todos-os-espacos-publicos\/","title":{"rendered":"STF atende ao pedido do PDT e uso de m\u00e1scara volta a ser obrigat\u00f3rio em todos os espa\u00e7os p\u00fablicos"},"content":{"rendered":"<p>Vit\u00f3ria do PDT e da sociedade brasileira. Ontem (3), o ministro Gilmar Mendes concedeu liminar a A\u00e7\u00e3o de Descumprimento de Preceito Fundamental (ADPF) movida pela agremia\u00e7\u00e3o trabalhista no dia 3 de julho. Na decis\u00e3o, o juiz do Supremo Tribunal Federal (STF) derrubou o veto de Bolsonaro \u00e0 obrigatoriedade do uso de m\u00e1scaras em lugares de acesso ao p\u00fablico.<\/p>\n<p>Bolsonaro havia vetado dispositivos da Lei 14.019\/2020, que estabelece medidas para preven\u00e7\u00e3o \u00e0 Covid-19, aprovada pelo Congresso Nacional e publicada no dia 2 de julho. As san\u00e7\u00f5es do chefe do Executivo desobrigavam o uso de m\u00e1scaras em locais como escolas e templos religiosos.<\/p>\n<p>A rea\u00e7\u00e3o do PDT foi imediata. Para saber mais sobre a ADPF movida pelo partido, clique <a href=\"http:\/\/pdt-rj.org.br\/index.php\/pdt-quer-garantir-uso-obrigatorio-de-mascaras\/\">aqui<\/a>.<\/p>\n<p>&nbsp;<\/p>\n<p>Not\u00edcia relacionada:<\/p>\n<div id=\"vmag-breadcrumbs\"><a href=\"http:\/\/pdt-rj.org.br\/index.php\/pdt-quer-garantir-uso-obrigatorio-de-mascaras\/\" rel=\"bookmark\" data-wpel-link=\"internal\">PDT quer garantir uso obrigat\u00f3rio de m\u00e1scaras<\/a><\/div>\n<p>&nbsp;<\/p>\n<!-- AddThis Advanced Settings generic via filter on the_content --><!-- AddThis Share Buttons generic via filter on the_content -->","protected":false},"excerpt":{"rendered":"<p>Vit\u00f3ria do PDT e da sociedade brasileira. Ontem (3), o ministro Gilmar Mendes concedeu liminar a A\u00e7\u00e3o de Descumprimento de Preceito Fundamental (ADPF) movida pela agremia\u00e7\u00e3o trabalhista no dia 3 de julho. Na decis\u00e3o, o juiz do Supremo Tribunal Federal (STF) derrubou o veto de Bolsonaro \u00e0 obrigatoriedade do uso de m\u00e1scaras em lugares de&#8230;<!-- AddThis Advanced Settings generic via filter on wp_trim_excerpt --><!-- AddThis Share Buttons generic via filter on wp_trim_excerpt --><\/p>\n","protected":false},"author":17,"featured_media":72955,"comment_status":"closed","ping_status":"closed","sticky":false,"template":"","format":"standard","meta":{"_monsterinsights_skip_tracking":false,"_monsterinsights_sitenote_active":false,"_monsterinsights_sitenote_note":"","_monsterinsights_sitenote_category":0,"_uf_show_specific_survey":0,"_uf_disable_surveys":false,"footnotes":""},"categories":[1401,976],"tags":[3348,3835,3836,3837],"class_list":["post-72954","post","type-post","status-publish","format-standard","has-post-thumbnail","hentry","category-nacional","category-noticias-em-destaque","tag-covid-19","tag-sft","tag-uso-de-mascara","tag-uso-obrigatorio-de-mascara"],"acf":[],"_links":{"self":[{"href":"https:\/\/pdt-rj.org.br\/index.php\/wp-json\/wp\/v2\/posts\/72954","targetHints":{"allow":["GET"]}}],"collection":[{"href":"https:\/\/pdt-rj.org.br\/index.php\/wp-json\/wp\/v2\/posts"}],"about":[{"href":"https:\/\/pdt-rj.org.br\/index.php\/wp-json\/wp\/v2\/types\/post"}],"author":[{"embeddable":true,"href":"https:\/\/pdt-rj.org.br\/index.php\/wp-json\/wp\/v2\/users\/17"}],"replies":[{"embeddable":true,"href":"https:\/\/pdt-rj.org.br\/index.php\/wp-json\/wp\/v2\/comments?post=72954"}],"version-history":[{"count":3,"href":"https:\/\/pdt-rj.org.br\/index.php\/wp-json\/wp\/v2\/posts\/72954\/revisions"}],"predecessor-version":[{"id":72968,"href":"https:\/\/pdt-rj.org.br\/index.php\/wp-json\/wp\/v2\/posts\/72954\/revisions\/72968"}],"wp:featuredmedia":[{"embeddable":true,"href":"https:\/\/pdt-rj.org.br\/index.php\/wp-json\/wp\/v2\/media\/72955"}],"wp:attachment":[{"href":"https:\/\/pdt-rj.org.br\/index.php\/wp-json\/wp\/v2\/media?parent=72954"}],"wp:term":[{"taxonomy":"category","embeddable":true,"href":"https:\/\/pdt-rj.org.br\/index.php\/wp-json\/wp\/v2\/categories?post=72954"},{"taxonomy":"post_tag","embeddable":true,"href":"https:\/\/pdt-rj.org.br\/index.php\/wp-json\/wp\/v2\/tags?post=72954"}],"curies":[{"name":"wp","href":"https:\/\/api.w.org\/{rel}","templated":true}]}}