{"id":72947,"date":"2020-08-03T23:38:55","date_gmt":"2020-08-04T02:38:55","guid":{"rendered":"http:\/\/pdt-rj.org.br\/?p=72947"},"modified":"2020-08-08T16:18:00","modified_gmt":"2020-08-08T19:18:00","slug":"a-grande-arma-da-educacao-e-a-caneta-simboliza-carlos-lupi","status":"publish","type":"post","link":"https:\/\/pdt-rj.org.br\/index.php\/a-grande-arma-da-educacao-e-a-caneta-simboliza-carlos-lupi\/","title":{"rendered":"\u201cA grande arma da educa\u00e7\u00e3o \u00e9 a caneta\u201d, simboliza Carlos Lupi"},"content":{"rendered":"<div dir=\"ltr\">\n<p class=\"yiv1989296707MsoNormal\">Durante semin\u00e1rio sobre Trabalhismo, o presidente do PDT valorizou o legado do Cear\u00e1 no ensino p\u00fablico<\/p>\n<p class=\"yiv1989296707MsoNormal\">O presidente nacional do PDT, Carlos Lupi, valorizou o legado acumulado pelo Cear\u00e1, no ensino p\u00fablico, para defender a tem\u00e1tica como um dos pilares hist\u00f3ricos da sigla. \u201cA grande arma da educa\u00e7\u00e3o \u00e9 a caneta, nosso instrumento de luta\u201d, simbolizou, ao exibir o objeto durante a\u00a0<i>live<\/i>\u00a0do 1\u00ba Semin\u00e1rio Trabalhista da Funda\u00e7\u00e3o Leonel Brizola \u2013 Alberto Pasqualini (FLB-AP) no Cear\u00e1. Realizado nesta segunda-feira (3), o encontro virtual abriu a s\u00e9rie de debates com lideran\u00e7as brasileiras ao longo do m\u00eas de agosto.<\/p>\n<p class=\"yiv1989296707MsoNormal\">Ao mencionar Sobral, cidade reconhecida mundialmente pela qualidade das suas escolas e gerida, atualmente, pelo pedetista, Ivo Gomes, Lupi ratificou a coloca\u00e7\u00e3o da pauta como instrumento essencial de liberta\u00e7\u00e3o e transforma\u00e7\u00e3o do povo brasileiro, al\u00e9m de relatar a representatividade de Ciro Gomes no progresso do estado, em especial da capital, com o prefeito Roberto Cl\u00e1udio.<\/p>\n<p class=\"yiv1989296707MsoNormal\">\u201cEu quero que o Brasil cres\u00e7a como o Cear\u00e1, onde Fortaleza nos orgulha. Isso \u00e9 fruto de gest\u00e3o e compet\u00eancia e passa pelo exemplo de Ciro, que representa a continuidade do projeto nacional de desenvolvimento iniciado Get\u00falio Vargas, Jo\u00e3o Goulart e Leonel Brizola\u201d, disse o ex-ministro do Trabalho e Emprego, ao completar citando os 40 anos do partido e as perspectivas para as pr\u00f3ximas d\u00e9cadas: \u201cCiro presenta o futuro de uma gera\u00e7\u00e3o que aposta na intelig\u00eancia do povo brasileiro diante de uma concep\u00e7\u00e3o de na\u00e7\u00e3o com oportunidade igual para todos.\u201d<\/p>\n<p class=\"yiv1989296707MsoNormal\">Para o presidente estadual do PDT e l\u00edder da Oposi\u00e7\u00e3o na C\u00e2mara Federal, deputado Andr\u00e9 Figueiredo, o partido tem a raiz trabalhista associada ao perfil desenvolvimentista da Era Vargas, que, segundo ele, transformou o pa\u00eds n\u00e3o s\u00f3 economicamente, mas tamb\u00e9m nas quest\u00f5es sociais, ao pontuar os direitos trabalhistas consolidados pela CLT.<\/p>\n<p class=\"yiv1989296707MsoNormal\">\u201cSeguiremos buscando a implanta\u00e7\u00e3o desses ideais que privilegiam o cidad\u00e3o, t\u00e3o bem simbolizados por Brizola a partir dos seus governos e pela rede da legalidade. Nossa hist\u00f3ria \u00e9, portanto, de luta na constru\u00e7\u00e3o de um caminho para o Brasil justo e democr\u00e1tico, que todos n\u00f3s sonhamos\u201d, disse o parlamentar, origin\u00e1rio da Juventude Socialista (JS).<\/p>\n<p class=\"yiv1989296707MsoNormal\">Simbolismo<\/p>\n<p class=\"yiv1989296707MsoNormal\">A partir do secret\u00e1rio-geral nacional do partido e presidente da FLB-AP, Manoel Dias, as lideran\u00e7as pedetistas fizeram uma homenagem ao presidente de honra do PDT no Cear\u00e1, ex-senador Fl\u00e1vio Torres, ao relatarem a sua import\u00e2ncia desde o processo de cria\u00e7\u00e3o e constru\u00e7\u00e3o, a partir da d\u00e9cada de 80.<\/p>\n<p class=\"yiv1989296707MsoNormal\">\u201cO Fl\u00e1vio \u00e9 uma inspira\u00e7\u00e3o para todos n\u00f3s e Brizola fazia quest\u00e3o de consult\u00e1-lo sobre decis\u00f5es importantes, pois ele edificou uma trajet\u00f3ria de lealdade aos princ\u00edpios trabalhistas. Por isso, serve de inspira\u00e7\u00e3o para a nossa aguerrida bancada no Congresso Nacional durante os enfrentamentos para impedir os retrocessos apresentados por Bolsonaro\u201d, comentou Dias.<\/p>\n<p class=\"yiv1989296707MsoNormal\">Transmitido pelo Est\u00fadio Legalidade e Central de M\u00eddias Sociais nas redes da Funda\u00e7\u00e3o e mediado pela presidente da A\u00e7\u00e3o da Mulher Trabalhista (AMT) estadual,\u00a0Cristina\u00a0Brasil, o evento contou ainda com as contribui\u00e7\u00f5es do vice-presidente estadual da Funda\u00e7\u00e3o, Papito Oliveira, e do chefe de gabinete do deputado, Andr\u00e9 Figueiredo, e ex-titular da Secretaria do Trabalho e Desenvolvimento Social do Cear\u00e1, Josbertini Clementino, que exaltaram as a\u00e7\u00f5es\u00a0pedetistas\u00a0para forma\u00e7\u00e3o e organiza\u00e7\u00e3o da milit\u00e2ncia em todas as regi\u00f5es do estado, bem como em n\u00edvel nacional.<\/p>\n<p class=\"yiv1989296707MsoNormal\">Confira o debate, na \u00edntegra:<\/p>\n<p><iframe loading=\"lazy\" title=\"FLB-AP I 1\u00ba Semin\u00e1rio Trabalhista do Cear\u00e1\" width=\"640\" height=\"360\" src=\"https:\/\/www.youtube.com\/embed\/wvNA1fbbPCE?feature=oembed\" frameborder=\"0\" allow=\"accelerometer; autoplay; clipboard-write; encrypted-media; gyroscope; picture-in-picture; web-share\" referrerpolicy=\"strict-origin-when-cross-origin\" allowfullscreen><\/iframe><\/p>\n<\/div>\n<!-- AddThis Advanced Settings generic via filter on the_content --><!-- AddThis Share Buttons generic via filter on the_content -->","protected":false},"excerpt":{"rendered":"<p>Durante semin\u00e1rio sobre Trabalhismo, o presidente do PDT valorizou o legado do Cear\u00e1 no ensino p\u00fablico O presidente nacional do PDT, Carlos Lupi, valorizou o legado acumulado pelo Cear\u00e1, no ensino p\u00fablico, para defender a tem\u00e1tica como um dos pilares hist\u00f3ricos da sigla. \u201cA grande arma da educa\u00e7\u00e3o \u00e9 a caneta, nosso instrumento de luta\u201d,&#8230;<!-- AddThis Advanced Settings generic via filter on wp_trim_excerpt --><!-- AddThis Share Buttons generic via filter on wp_trim_excerpt --><\/p>\n","protected":false},"author":17,"featured_media":72948,"comment_status":"closed","ping_status":"closed","sticky":false,"template":"","format":"standard","meta":{"_monsterinsights_skip_tracking":false,"_monsterinsights_sitenote_active":false,"_monsterinsights_sitenote_note":"","_monsterinsights_sitenote_category":0,"_uf_show_specific_survey":0,"_uf_disable_surveys":false,"footnotes":""},"categories":[1390],"tags":[],"class_list":["post-72947","post","type-post","status-publish","format-standard","has-post-thumbnail","hentry","category-editorias"],"acf":[],"_links":{"self":[{"href":"https:\/\/pdt-rj.org.br\/index.php\/wp-json\/wp\/v2\/posts\/72947","targetHints":{"allow":["GET"]}}],"collection":[{"href":"https:\/\/pdt-rj.org.br\/index.php\/wp-json\/wp\/v2\/posts"}],"about":[{"href":"https:\/\/pdt-rj.org.br\/index.php\/wp-json\/wp\/v2\/types\/post"}],"author":[{"embeddable":true,"href":"https:\/\/pdt-rj.org.br\/index.php\/wp-json\/wp\/v2\/users\/17"}],"replies":[{"embeddable":true,"href":"https:\/\/pdt-rj.org.br\/index.php\/wp-json\/wp\/v2\/comments?post=72947"}],"version-history":[{"count":3,"href":"https:\/\/pdt-rj.org.br\/index.php\/wp-json\/wp\/v2\/posts\/72947\/revisions"}],"predecessor-version":[{"id":73038,"href":"https:\/\/pdt-rj.org.br\/index.php\/wp-json\/wp\/v2\/posts\/72947\/revisions\/73038"}],"wp:featuredmedia":[{"embeddable":true,"href":"https:\/\/pdt-rj.org.br\/index.php\/wp-json\/wp\/v2\/media\/72948"}],"wp:attachment":[{"href":"https:\/\/pdt-rj.org.br\/index.php\/wp-json\/wp\/v2\/media?parent=72947"}],"wp:term":[{"taxonomy":"category","embeddable":true,"href":"https:\/\/pdt-rj.org.br\/index.php\/wp-json\/wp\/v2\/categories?post=72947"},{"taxonomy":"post_tag","embeddable":true,"href":"https:\/\/pdt-rj.org.br\/index.php\/wp-json\/wp\/v2\/tags?post=72947"}],"curies":[{"name":"wp","href":"https:\/\/api.w.org\/{rel}","templated":true}]}}