{"id":72840,"date":"2020-07-30T14:53:24","date_gmt":"2020-07-30T17:53:24","guid":{"rendered":"http:\/\/pdt-rj.org.br\/?p=72840"},"modified":"2020-07-30T16:17:39","modified_gmt":"2020-07-30T19:17:39","slug":"tributos-reforma-e-esperanca","status":"publish","type":"post","link":"https:\/\/pdt-rj.org.br\/index.php\/tributos-reforma-e-esperanca\/","title":{"rendered":"Tributos, reforma e esperan\u00e7a"},"content":{"rendered":"<p>Em meio a crise sanit\u00e1ria, ou mesmo por causa dela, o Congresso Nacional parece disposto a finalmente fazer andar uma reforma tribut\u00e1ria. Para os que, em face das tantas promessas, duvidam que agora de fato h\u00e1 disposi\u00e7\u00e3o para enfrentar esse labirinto de interesses, saibam que compreendo. Por\u00e9m, dessa vez, a for\u00e7a motriz \u00e9 uma inadi\u00e1vel necessidade.<\/p>\n<p>Sob pena de jogar no lixo todos os instrumentos de governan\u00e7a j\u00e1 implementados, ver o caos econ\u00f4mico avan\u00e7ar c\u00e9lere, uma degrada\u00e7\u00e3o nos limites dos gastos p\u00fablicos, a perda da tessitura social em fun\u00e7\u00e3o do maior n\u00edvel de desemprego da hist\u00f3ria, \u00e9 que a pandemia nos obriga a debater seriamente os impostos, permitindo um ambiente melhor de neg\u00f3cios, clareza nos processos e esperan\u00e7a de que, por meio do trabalho, possamos reconquistar a paz para viver.<\/p>\n<p>Minha fala aqui n\u00e3o \u00e9 a de deputado estadual que sou, mas a de prefeito que fui por dois mandatos no munic\u00edpio de Granja \u2013 cidade que hoje ocupa os primeiros lugares em efic\u00e1cia educacional com 9 das 10 melhores escolas em \u00edndice de leitura de todo o Brasil. E mais: tem 59 escolas nota 10, tendo crescido 80 posi\u00e7\u00f5es (saindo da coloca\u00e7\u00e3o 183, pen\u00faltima do estado, para a posi\u00e7\u00e3o de n\u00famero 64) no \u00cdndice de Desenvolvimento Municipal (IDM). Isso tudo com baixo or\u00e7amento e alta cobran\u00e7a.<\/p>\n<p>Imaginem os avan\u00e7os se o gestor n\u00e3o perdesse tanto tempo mendigando recursos, insistindo por decis\u00f5es, lutando para realizar sua obriga\u00e7\u00e3o. Imagine se os impostos fossem percebidos como progressivos \u2013 quem pode mais paga mais -, em menor quantidade, visando uma base ampliada e distribu\u00eddos automaticamente para as contas federais, estaduais e municipais segundo crit\u00e9rios a exemplo de merecimento, transpar\u00eancia, resultado e necessidade.<\/p>\n<p>A mudan\u00e7a \u00e9 imperativa porque o sistema \u00e9 injusto, massacrante e il\u00f3gico. Como come\u00e7ar a responder para a sociedade as quest\u00f5es relativas ao hosp\u00edcio tribut\u00e1rio, minimizando todos os inevit\u00e1veis problemas que vir\u00e3o depois da pandemia? \u00c9 a pergunta que fa\u00e7o, preocupado com o amanh\u00e3. E por isso deposito uma esperan\u00e7a na C\u00e2mara e no Senado Federal para que olhem para a popula\u00e7\u00e3o sob o ponto do ente federado mais fr\u00e1gil: o munic\u00edpio.<\/p>\n<p>*<em><strong>Romeu Aldigueri \u00e9 advogado e deputado estadual do PDT Cear\u00e1<\/strong><\/em><\/p>\n<!-- AddThis Advanced Settings generic via filter on the_content --><!-- AddThis Share Buttons generic via filter on the_content -->","protected":false},"excerpt":{"rendered":"<p>Em meio a crise sanit\u00e1ria, ou mesmo por causa dela, o Congresso Nacional parece disposto a finalmente fazer andar uma reforma tribut\u00e1ria. Para os que, em face das tantas promessas, duvidam que agora de fato h\u00e1 disposi\u00e7\u00e3o para enfrentar esse labirinto de interesses, saibam que compreendo. Por\u00e9m, dessa vez, a for\u00e7a motriz \u00e9 uma inadi\u00e1vel&#8230;<!-- AddThis Advanced Settings generic via filter on wp_trim_excerpt --><!-- AddThis Share Buttons generic via filter on wp_trim_excerpt --><\/p>\n","protected":false},"author":17,"featured_media":72855,"comment_status":"closed","ping_status":"closed","sticky":false,"template":"","format":"standard","meta":{"_monsterinsights_skip_tracking":false,"_monsterinsights_sitenote_active":false,"_monsterinsights_sitenote_note":"","_monsterinsights_sitenote_category":0,"_uf_show_specific_survey":0,"_uf_disable_surveys":false,"footnotes":""},"categories":[1584,1390],"tags":[],"class_list":["post-72840","post","type-post","status-publish","format-standard","has-post-thumbnail","hentry","category-artigos","category-editorias"],"acf":[],"_links":{"self":[{"href":"https:\/\/pdt-rj.org.br\/index.php\/wp-json\/wp\/v2\/posts\/72840","targetHints":{"allow":["GET"]}}],"collection":[{"href":"https:\/\/pdt-rj.org.br\/index.php\/wp-json\/wp\/v2\/posts"}],"about":[{"href":"https:\/\/pdt-rj.org.br\/index.php\/wp-json\/wp\/v2\/types\/post"}],"author":[{"embeddable":true,"href":"https:\/\/pdt-rj.org.br\/index.php\/wp-json\/wp\/v2\/users\/17"}],"replies":[{"embeddable":true,"href":"https:\/\/pdt-rj.org.br\/index.php\/wp-json\/wp\/v2\/comments?post=72840"}],"version-history":[{"count":5,"href":"https:\/\/pdt-rj.org.br\/index.php\/wp-json\/wp\/v2\/posts\/72840\/revisions"}],"predecessor-version":[{"id":72856,"href":"https:\/\/pdt-rj.org.br\/index.php\/wp-json\/wp\/v2\/posts\/72840\/revisions\/72856"}],"wp:featuredmedia":[{"embeddable":true,"href":"https:\/\/pdt-rj.org.br\/index.php\/wp-json\/wp\/v2\/media\/72855"}],"wp:attachment":[{"href":"https:\/\/pdt-rj.org.br\/index.php\/wp-json\/wp\/v2\/media?parent=72840"}],"wp:term":[{"taxonomy":"category","embeddable":true,"href":"https:\/\/pdt-rj.org.br\/index.php\/wp-json\/wp\/v2\/categories?post=72840"},{"taxonomy":"post_tag","embeddable":true,"href":"https:\/\/pdt-rj.org.br\/index.php\/wp-json\/wp\/v2\/tags?post=72840"}],"curies":[{"name":"wp","href":"https:\/\/api.w.org\/{rel}","templated":true}]}}