{"id":72836,"date":"2020-07-29T22:21:53","date_gmt":"2020-07-30T01:21:53","guid":{"rendered":"http:\/\/pdt-rj.org.br\/?p=72836"},"modified":"2020-07-30T16:07:35","modified_gmt":"2020-07-30T19:07:35","slug":"pelo-povo-os-movimentos-do-pdt-enfrentam-o-bolsonaro-diz-jordaci-matos","status":"publish","type":"post","link":"https:\/\/pdt-rj.org.br\/index.php\/pelo-povo-os-movimentos-do-pdt-enfrentam-o-bolsonaro-diz-jordaci-matos\/","title":{"rendered":"Pelo povo, os movimentos do PDT enfrentam o Bolsonaro\u201d, diz Jordaci Matos"},"content":{"rendered":"<p><em><strong>Representantes do Movimento Comunit\u00e1rio Trabalhista participaram de debate virtual da Funda\u00e7\u00e3o<\/strong><\/em><\/p>\n<p>\u201cO nosso lado \u00e9 o do povo. Vamos batalhar para finalizar o atual governo federal. Fora Bolsonaro!\u201d Com um discurso mobilizador contra os retrocessos apresentados no Pal\u00e1cio do Planalto, o presidente nacional do Movimento Comunit\u00e1rio Trabalhista (MCT), Jordaci Matos, enalteceu a relev\u00e2ncia das representa\u00e7\u00f5es do PDT durante a edi\u00e7\u00e3o virtual do \u2018Quartas Trabalhistas\u2019, na noite deste 29 de julho.<\/p>\n<p>Mediado pelo presidente nacional da Funda\u00e7\u00e3o Leonel Brizola \u2013 Alberto Pasqualini (FLB-AP) e transmitido pelo Est\u00fadio Legalidade nas redes da organiza\u00e7\u00e3o pedetista, o encontro reuniu lideran\u00e7as do MCT, incluindo a presidente no Amazonas, Pedrinha Lasmar, o secret\u00e1rio-geral em Pernambuco, Manoel S\u00e1tiro, a diretoria jur\u00eddica do MCT, Renata Gabert, al\u00e9m de representantes nacionais dos demais movimentos, como a presidente nacional do PDT Diversidade, Amanda Anderson.<\/p>\n<p>Ao abrir o debate, Dias fez quest\u00e3o de destacar o diferencial apresentado pela sigla ao contar com elos efetivamente presentes e estruturados. Para ele, a representatividade na ponta reafirma o compromisso com os exclu\u00eddos e vulner\u00e1veis.<\/p>\n<p>\u201cEm um partido trabalhista como o nosso, representam a principal vertente, pois est\u00e3o envolvidos diretamente com o cidad\u00e3o. O povo tem que ser organizar e o caminho s\u00e3o os movimentos. E os n\u00facleos de base despontam como uma ferramenta facilitadora fundamental\u201d, comentou, ao completar: \u201cCom conhecimento, as camadas populares deixar\u00e3o de ser massa de manobra, pois compreender\u00e3o a realidade. Para isso, a Universidade Aberta Leonel Brizola est\u00e1 dispon\u00edvel para difundir as informa\u00e7\u00f5es gratuitamente.\u201d<\/p>\n<p>Na sequ\u00eancia, Jordaci Matos valorizou o apoio da FLB-AP durante a constru\u00e7\u00e3o dos diret\u00f3rios regionais, que, atualmente, j\u00e1 est\u00e3o organizados em 18 estados. Sobre o processo de canal de interlocu\u00e7\u00e3o da sociedade com os poderes constitu\u00eddos, o presidente do MCT reafirmou as pautas priorit\u00e1rias e os m\u00e9todos para garantir resultados consistentes e positivos.<\/p>\n<p>\u201cO movimento social \u00e9 reivindicat\u00f3rio. As lideran\u00e7as carregam as bandeiras do povo, que est\u00e3o nas periferias. \u00c9 uma batalha di\u00e1ria por quest\u00f5es urgentes, como a reforma urbana. O direito \u00e0 habita\u00e7\u00e3o digna \u00e9 s\u00f3 um dos direitos suprimidos, em geral, pelo poder p\u00fablico\u201d, afirmou, indicando exce\u00e7\u00f5es, como as gest\u00f5es de Leonel Brizola como governador do Rio de Janeiro e Rio Grande do Sul.<\/p>\n<p>No contexto brasileiro, Jordaci ainda abordou a\u00e7\u00f5es do MCT visando a contribui\u00e7\u00e3o nos processos eleitorais de 2020 e 2022; o incentivo \u00e0 nuclea\u00e7\u00e3o; a presen\u00e7a na Frente Antifascista; a luta contra as privatiza\u00e7\u00f5es e o Marco Regulat\u00f3rio da \u00c1gua, al\u00e9m da mobiliza\u00e7\u00e3o para realizar o primeiro congresso nacional do movimento.<\/p>\n<p>Para Pedrinha Lasmar, o impacto da pandemia na rotina dos movimentos foi intenso, o que gerou uma restri\u00e7\u00e3o no di\u00e1logo e contato, mas amenizada com o uso da tecnologia, principalmente no interior do pa\u00eds. Apesar do afastamento f\u00edsico tempor\u00e1rio, ela ratifica a relev\u00e2ncia da participa\u00e7\u00e3o do brasileiro na pol\u00edtica.<\/p>\n<p>\u201cVamos fortalecer os trabalhos sociais, com destaque para a luta sindical. Estaremos, cada vez mais, presentes para dar a nossa contribui\u00e7\u00e3o para a comunidade. O povo precisa estar mais pr\u00f3ximo do processo pol\u00edtico para buscar suas demandas e acompanhar a rotina dos seus representantes p\u00fablicos\u201d, assegurou.<\/p>\n<p>Citando o cen\u00e1rio positivo encontrado em Pernambuco, Manoel S\u00e1tiro projetou que o PDT est\u00e1 reunindo condi\u00e7\u00f5es para crescer n\u00e3o s\u00f3 em n\u00edvel estadual, mas tamb\u00e9m nacionalmente a partir da integra\u00e7\u00e3o entre os movimentos e a sociedade.<\/p>\n<p>\u201c\u00c9 a luta democr\u00e1tica em prol dos que mais necessitam: o povo. Com os n\u00facleos de base, a gente poder dar um salto ainda maior nos resultados, pois podemos atuar em diversos segmentos, como entre jovens e idosos, mas tamb\u00e9m discutir demandas das cidades em \u00e1reas da sa\u00fade, educa\u00e7\u00e3o e infraestrutura\u201d, pontua.<\/p>\n<p>Com uma an\u00e1lise do cen\u00e1rio eleitoral, Renata Gabert abordou as perspectivas da sigla no processo de defini\u00e7\u00e3o das candidaturas e de constru\u00e7\u00e3o de plataformas de campanha condizentes com as bandeiras trabalhistas. Para ela, engajamento da popula\u00e7\u00e3o deve ser fomentado pelo comunitarismo via n\u00facleos de base.<\/p>\n<p>\u201cCom todas as dificuldades na sociedade brasileira, devemos fortalecer o exerc\u00edcio da cidadania. Precisamos ocupar espa\u00e7o e a melhor pr\u00e1tica \u00e9 atrav\u00e9s do agrupamento de pessoas em torno de um interesse comum. E \u00e9 esse o lugar que precisamos sempre estar a partir dos movimentos, como o Comunit\u00e1rio\u201d, esclareceu.<\/p>\n<p>Para conferir o programa, na \u00edntegra, acesse o canal da Funda\u00e7\u00e3o no Youtube:<\/p>\n<p><iframe loading=\"lazy\" title=\"QUARTAS TRABALHISTAS - MOVIMENTOS DO PDT &quot;A import\u00e2ncia dos Movimentos Sociais&quot;\" width=\"640\" height=\"360\" src=\"https:\/\/www.youtube.com\/embed\/brgxaE9eZdE?feature=oembed\" frameborder=\"0\" allow=\"accelerometer; autoplay; clipboard-write; encrypted-media; gyroscope; picture-in-picture; web-share\" referrerpolicy=\"strict-origin-when-cross-origin\" allowfullscreen><\/iframe><\/p>\n<!-- AddThis Advanced Settings generic via filter on the_content --><!-- AddThis Share Buttons generic via filter on the_content -->","protected":false},"excerpt":{"rendered":"<p>Representantes do Movimento Comunit\u00e1rio Trabalhista participaram de debate virtual da Funda\u00e7\u00e3o \u201cO nosso lado \u00e9 o do povo. Vamos batalhar para finalizar o atual governo federal. Fora Bolsonaro!\u201d Com um discurso mobilizador contra os retrocessos apresentados no Pal\u00e1cio do Planalto, o presidente nacional do Movimento Comunit\u00e1rio Trabalhista (MCT), Jordaci Matos, enalteceu a relev\u00e2ncia das representa\u00e7\u00f5es&#8230;<!-- AddThis Advanced Settings generic via filter on wp_trim_excerpt --><!-- AddThis Share Buttons generic via filter on wp_trim_excerpt --><\/p>\n","protected":false},"author":17,"featured_media":72837,"comment_status":"closed","ping_status":"closed","sticky":false,"template":"","format":"standard","meta":{"_monsterinsights_skip_tracking":false,"_monsterinsights_sitenote_active":false,"_monsterinsights_sitenote_note":"","_monsterinsights_sitenote_category":0,"_uf_show_specific_survey":0,"_uf_disable_surveys":false,"footnotes":""},"categories":[1390,2605],"tags":[],"class_list":["post-72836","post","type-post","status-publish","format-standard","has-post-thumbnail","hentry","category-editorias","category-movimento-comunitario-trabalhista"],"acf":[],"_links":{"self":[{"href":"https:\/\/pdt-rj.org.br\/index.php\/wp-json\/wp\/v2\/posts\/72836","targetHints":{"allow":["GET"]}}],"collection":[{"href":"https:\/\/pdt-rj.org.br\/index.php\/wp-json\/wp\/v2\/posts"}],"about":[{"href":"https:\/\/pdt-rj.org.br\/index.php\/wp-json\/wp\/v2\/types\/post"}],"author":[{"embeddable":true,"href":"https:\/\/pdt-rj.org.br\/index.php\/wp-json\/wp\/v2\/users\/17"}],"replies":[{"embeddable":true,"href":"https:\/\/pdt-rj.org.br\/index.php\/wp-json\/wp\/v2\/comments?post=72836"}],"version-history":[{"count":6,"href":"https:\/\/pdt-rj.org.br\/index.php\/wp-json\/wp\/v2\/posts\/72836\/revisions"}],"predecessor-version":[{"id":72854,"href":"https:\/\/pdt-rj.org.br\/index.php\/wp-json\/wp\/v2\/posts\/72836\/revisions\/72854"}],"wp:featuredmedia":[{"embeddable":true,"href":"https:\/\/pdt-rj.org.br\/index.php\/wp-json\/wp\/v2\/media\/72837"}],"wp:attachment":[{"href":"https:\/\/pdt-rj.org.br\/index.php\/wp-json\/wp\/v2\/media?parent=72836"}],"wp:term":[{"taxonomy":"category","embeddable":true,"href":"https:\/\/pdt-rj.org.br\/index.php\/wp-json\/wp\/v2\/categories?post=72836"},{"taxonomy":"post_tag","embeddable":true,"href":"https:\/\/pdt-rj.org.br\/index.php\/wp-json\/wp\/v2\/tags?post=72836"}],"curies":[{"name":"wp","href":"https:\/\/api.w.org\/{rel}","templated":true}]}}