{"id":72832,"date":"2020-07-29T19:50:15","date_gmt":"2020-07-29T22:50:15","guid":{"rendered":"http:\/\/pdt-rj.org.br\/?p=72832"},"modified":"2020-07-29T19:50:15","modified_gmt":"2020-07-29T22:50:15","slug":"senado-aprova-projeto-relatado-por-cid-gomes-que-adia-ate-novembro-ajuda-a-estados-e-municipios","status":"publish","type":"post","link":"https:\/\/pdt-rj.org.br\/index.php\/senado-aprova-projeto-relatado-por-cid-gomes-que-adia-ate-novembro-ajuda-a-estados-e-municipios\/","title":{"rendered":"Senado aprova projeto relatado por Cid Gomes que adia at\u00e9 novembro ajuda a estados e munic\u00edpios"},"content":{"rendered":"<p>O Senado Federal aprovou, durante sess\u00e3o remota desta quarta-feira (29), projeto que prorroga at\u00e9 novembro a ajuda da Uni\u00e3o a estados e munic\u00edpios. A mat\u00e9ria foi relatada pelo senador Cid Gomes e determina a compensa\u00e7\u00e3o a estados e munic\u00edpios por perdas na arrecada\u00e7\u00e3o do Fundo de Participa\u00e7\u00e3o dos Estados (FPE) e do Fundo de Participa\u00e7\u00e3o dos Munic\u00edpios (FPM).<\/p>\n<p>O projeto, j\u00e1 aprovado pela C\u00e2mara dos Deputados, decorre da Medida Provis\u00f3ria 938\/20, que previa um total de R$ 16 bilh\u00f5es como ajuda aos entes federativos de mar\u00e7o at\u00e9 junho deste ano. \u201cFelizmente, as perdas n\u00e3o foram t\u00e3o grandes como as projetadas e houve at\u00e9 junho um repasse de algo em torno de R$ 9,9 bilh\u00f5es. Ou seja, do total que estava previsto na MP 938, ficam dispon\u00edveis ainda R$ 6,1 bilh\u00f5es que poder\u00e3o ser usados entre julho e novembro\u201d, explicou Cid Gomes.<\/p>\n<p>Cid ressaltou a import\u00e2ncia da prorroga\u00e7\u00e3o da ajuda j\u00e1 que \u201ca expectativa de uma r\u00e1pida retomada da atividade econ\u00f4mica n\u00e3o se confirmou\u201d. \u201cH\u00e1, isto sim, a necessidade de um prolongamento das pol\u00edticas de distanciamento social, com reflexos negativos sobre a sa\u00fade financeira dos entes subnacionais\u201d, completou.<\/p>\n<p>O projeto segue agora para san\u00e7\u00e3o do Presidente da Rep\u00fablica.<\/p>\n<!-- AddThis Advanced Settings generic via filter on the_content --><!-- AddThis Share Buttons generic via filter on the_content -->","protected":false},"excerpt":{"rendered":"<p>O Senado Federal aprovou, durante sess\u00e3o remota desta quarta-feira (29), projeto que prorroga at\u00e9 novembro a ajuda da Uni\u00e3o a estados e munic\u00edpios. A mat\u00e9ria foi relatada pelo senador Cid Gomes e determina a compensa\u00e7\u00e3o a estados e munic\u00edpios por perdas na arrecada\u00e7\u00e3o do Fundo de Participa\u00e7\u00e3o dos Estados (FPE) e do Fundo de Participa\u00e7\u00e3o&#8230;<!-- AddThis Advanced Settings generic via filter on wp_trim_excerpt --><!-- AddThis Share Buttons generic via filter on wp_trim_excerpt --><\/p>\n","protected":false},"author":17,"featured_media":72833,"comment_status":"closed","ping_status":"closed","sticky":false,"template":"","format":"standard","meta":{"_monsterinsights_skip_tracking":false,"_monsterinsights_sitenote_active":false,"_monsterinsights_sitenote_note":"","_monsterinsights_sitenote_category":0,"_uf_show_specific_survey":0,"_uf_disable_surveys":false,"footnotes":""},"categories":[976],"tags":[],"class_list":["post-72832","post","type-post","status-publish","format-standard","has-post-thumbnail","hentry","category-noticias-em-destaque"],"acf":[],"_links":{"self":[{"href":"https:\/\/pdt-rj.org.br\/index.php\/wp-json\/wp\/v2\/posts\/72832","targetHints":{"allow":["GET"]}}],"collection":[{"href":"https:\/\/pdt-rj.org.br\/index.php\/wp-json\/wp\/v2\/posts"}],"about":[{"href":"https:\/\/pdt-rj.org.br\/index.php\/wp-json\/wp\/v2\/types\/post"}],"author":[{"embeddable":true,"href":"https:\/\/pdt-rj.org.br\/index.php\/wp-json\/wp\/v2\/users\/17"}],"replies":[{"embeddable":true,"href":"https:\/\/pdt-rj.org.br\/index.php\/wp-json\/wp\/v2\/comments?post=72832"}],"version-history":[{"count":1,"href":"https:\/\/pdt-rj.org.br\/index.php\/wp-json\/wp\/v2\/posts\/72832\/revisions"}],"predecessor-version":[{"id":72834,"href":"https:\/\/pdt-rj.org.br\/index.php\/wp-json\/wp\/v2\/posts\/72832\/revisions\/72834"}],"wp:featuredmedia":[{"embeddable":true,"href":"https:\/\/pdt-rj.org.br\/index.php\/wp-json\/wp\/v2\/media\/72833"}],"wp:attachment":[{"href":"https:\/\/pdt-rj.org.br\/index.php\/wp-json\/wp\/v2\/media?parent=72832"}],"wp:term":[{"taxonomy":"category","embeddable":true,"href":"https:\/\/pdt-rj.org.br\/index.php\/wp-json\/wp\/v2\/categories?post=72832"},{"taxonomy":"post_tag","embeddable":true,"href":"https:\/\/pdt-rj.org.br\/index.php\/wp-json\/wp\/v2\/tags?post=72832"}],"curies":[{"name":"wp","href":"https:\/\/api.w.org\/{rel}","templated":true}]}}