{"id":72819,"date":"2020-07-28T15:05:32","date_gmt":"2020-07-28T18:05:32","guid":{"rendered":"http:\/\/pdt-rj.org.br\/?p=72819"},"modified":"2020-07-28T15:05:32","modified_gmt":"2020-07-28T18:05:32","slug":"centro-de-memoria-trabalhista-lanca-projeto-trabalhismo-na-historia","status":"publish","type":"post","link":"https:\/\/pdt-rj.org.br\/index.php\/centro-de-memoria-trabalhista-lanca-projeto-trabalhismo-na-historia\/","title":{"rendered":"Centro de Mem\u00f3ria Trabalhista lan\u00e7a projeto \u2018Trabalhismo na Hist\u00f3ria\u2019"},"content":{"rendered":"<p>O Centro de Mem\u00f3ria Trabalhista (CMT) lan\u00e7ar\u00e1 nesta sexta-feira (31), \u00e0s 17h, no seu canal no Youtube, o projeto \u2018Trabalhismo na Hist\u00f3ria\u2019, que reunir\u00e1 uma s\u00e9rie de entrevistas com personalidades marcantes dessa corrente de pensamento que constitui os pilares do PDT.\u00a0Conduzido pelo coordenador do CMT, Henrique Matthiesen, o programa de estreia ter\u00e1 a participa\u00e7\u00e3o de Jos\u00e9 Augusto Ribeiro, autor da trilogia \u201cA Era Vargas\u201d, para analisar o novo livro de Ciro Gomes: \u201cProjeto Nacional: O Dever da Esperan\u00e7a\u201d.<\/p>\n<p>\u201cEm conversas com personalidades que acompanharam a constru\u00e7\u00e3o do Trabalhismo, poderemos n\u00e3o s\u00f3 falar do passado, mas tamb\u00e9m contextualizar com quest\u00f5es do presente e projetar pontos futuros\u201d, afirmou Matthiesen.<\/p>\n<p>Ao longo da primeira temporada, o p\u00fablico poder\u00e1 acompanhar ainda debates sobre a Campanha da Legalidade com o cineasta, Zeca Brito, e o jornalista, Carlos Bastos, bem como sobre a constru\u00e7\u00e3o da Carta de Lisboa, com signat\u00e1rios, incluindo Magnus Guimar\u00e3es, Domingos Fernandes e Mauricio Viana.<\/p>\n<p><strong>Conte\u00fado<\/strong><\/p>\n<p>Vinculado \u00e0 Funda\u00e7\u00e3o Leonel Brizola &#8211; Alberto Pasqualini (FLB-AP), o CMT promove, desde 2017, a curadoria do acervo do partido a partir da capta\u00e7\u00e3o, organiza\u00e7\u00e3o e promo\u00e7\u00e3o de conte\u00fados que comp\u00f5em a trajet\u00f3ria do trabalhismo no Brasil e pelo mundo.<\/p>\n<p>\u201cEm breve, teremos um site que facilitar\u00e1 ainda mais o processo de valoriza\u00e7\u00e3o do Trabalhismo. Cuidar dessa hist\u00f3ria garante a amplia\u00e7\u00e3o desse legado para o futuro\u201d, garantiu Karina Crivellani, coordenadora do CMT.<\/p>\n<p>Para mais detalhes, acesse as redes oficiais:<\/p>\n<p>YouTube: youtube.com\/channel\/UC8654pdYxIVi7CiLoGDPUQw?reload=9<\/p>\n<p>Facebook: facebook.com\/CentroDeMemoriaTrabalhista\/<\/p>\n<p>Instagram: instagram.com\/centrodememoriatrabalhista\/<\/p>\n<!-- AddThis Advanced Settings generic via filter on the_content --><!-- AddThis Share Buttons generic via filter on the_content -->","protected":false},"excerpt":{"rendered":"<p>O Centro de Mem\u00f3ria Trabalhista (CMT) lan\u00e7ar\u00e1 nesta sexta-feira (31), \u00e0s 17h, no seu canal no Youtube, o projeto \u2018Trabalhismo na Hist\u00f3ria\u2019, que reunir\u00e1 uma s\u00e9rie de entrevistas com personalidades marcantes dessa corrente de pensamento que constitui os pilares do PDT.\u00a0Conduzido pelo coordenador do CMT, Henrique Matthiesen, o programa de estreia ter\u00e1 a participa\u00e7\u00e3o de&#8230;<!-- AddThis Advanced Settings generic via filter on wp_trim_excerpt --><!-- AddThis Share Buttons generic via filter on wp_trim_excerpt --><\/p>\n","protected":false},"author":17,"featured_media":72820,"comment_status":"closed","ping_status":"closed","sticky":false,"template":"","format":"standard","meta":{"_monsterinsights_skip_tracking":false,"_monsterinsights_sitenote_active":false,"_monsterinsights_sitenote_note":"","_monsterinsights_sitenote_category":0,"_uf_show_specific_survey":0,"_uf_disable_surveys":false,"footnotes":""},"categories":[1390],"tags":[],"class_list":["post-72819","post","type-post","status-publish","format-standard","has-post-thumbnail","hentry","category-editorias"],"acf":[],"_links":{"self":[{"href":"https:\/\/pdt-rj.org.br\/index.php\/wp-json\/wp\/v2\/posts\/72819","targetHints":{"allow":["GET"]}}],"collection":[{"href":"https:\/\/pdt-rj.org.br\/index.php\/wp-json\/wp\/v2\/posts"}],"about":[{"href":"https:\/\/pdt-rj.org.br\/index.php\/wp-json\/wp\/v2\/types\/post"}],"author":[{"embeddable":true,"href":"https:\/\/pdt-rj.org.br\/index.php\/wp-json\/wp\/v2\/users\/17"}],"replies":[{"embeddable":true,"href":"https:\/\/pdt-rj.org.br\/index.php\/wp-json\/wp\/v2\/comments?post=72819"}],"version-history":[{"count":1,"href":"https:\/\/pdt-rj.org.br\/index.php\/wp-json\/wp\/v2\/posts\/72819\/revisions"}],"predecessor-version":[{"id":72821,"href":"https:\/\/pdt-rj.org.br\/index.php\/wp-json\/wp\/v2\/posts\/72819\/revisions\/72821"}],"wp:featuredmedia":[{"embeddable":true,"href":"https:\/\/pdt-rj.org.br\/index.php\/wp-json\/wp\/v2\/media\/72820"}],"wp:attachment":[{"href":"https:\/\/pdt-rj.org.br\/index.php\/wp-json\/wp\/v2\/media?parent=72819"}],"wp:term":[{"taxonomy":"category","embeddable":true,"href":"https:\/\/pdt-rj.org.br\/index.php\/wp-json\/wp\/v2\/categories?post=72819"},{"taxonomy":"post_tag","embeddable":true,"href":"https:\/\/pdt-rj.org.br\/index.php\/wp-json\/wp\/v2\/tags?post=72819"}],"curies":[{"name":"wp","href":"https:\/\/api.w.org\/{rel}","templated":true}]}}