{"id":72807,"date":"2020-07-25T14:49:08","date_gmt":"2020-07-25T17:49:08","guid":{"rendered":"http:\/\/pdt-rj.org.br\/?p=72807"},"modified":"2020-07-25T14:49:08","modified_gmt":"2020-07-25T17:49:08","slug":"covid-com-vida","status":"publish","type":"post","link":"https:\/\/pdt-rj.org.br\/index.php\/covid-com-vida\/","title":{"rendered":"Covid com vida"},"content":{"rendered":"<p>Respons\u00e1vel pela maior epidemia mundial, o v\u00edrus corona 19 \u00e9 raro, desconhecido e inusitado. Por diferente de outros v\u00edrus do tipo S\u00edndrome de Insufici\u00eancia Respirat\u00f3ria Aguda (SARS ), o COVID-19 \u00e9 \u00fanico, excepcional, e conseguiu transformar uma epidemia em pandemia. Mas n\u00e3o uma pandemia lenta, gradual e progressiva, mas uma de alta virul\u00eancia que atingiu a maioria dos pa\u00edses do nosso planeta.<\/p>\n<p>Em nada semelhante \u00e0s gripes anteriores, como aquelas provocadas por Influenza A de B ou mesmo as de origem animal como a avi\u00e1ria e a su\u00edna. Por n\u00e3o se conhecer o agente pat\u00f3geno e seus mecanismos de a\u00e7\u00e3o no interior do nosso organismo, foi imposs\u00edvel evitar sua propaga\u00e7\u00e3o tanto por meios medicamentosos (Redemsvil, Nitaroxanida, Cloroquina e Azitromicina) como por medidas n\u00e3o medicamentosas (m\u00e1scaras, luvas, acetato, sapatilhas e esteriliza\u00e7\u00e3o pelo \u00e1lcool gel 70\u00ba<sup>\u00a0<\/sup>graus, etc.<\/p>\n<p>\u00c9 preciso ter em mente o pouco que se sabe sobre essa infec\u00e7\u00e3o viral para entender o que se passa dentro do organismo humano. Em geral, ela se inicia por uma gripe nas vias a\u00e9reas superiores, tal como um resfriado comum. Sabemos que outras viroses do tipo SARs tamb\u00e9m provocam s\u00edndromes de insufici\u00eancia respirat\u00f3ria aguda. Algumas das SARSs foram identificadas e combatidas, por\u00e9m o SARS 2, a matriz biol\u00f3gica do Covid-19, apresentou uma nova forma diferenciada de infe\u00e7\u00e3o respirat\u00f3ria, bem diferente das demais. Seu in\u00edcio \u00e9 usual. Imita um resfriado comum com coriza e aumento de temperatura, ainda assim com alguns sintomas pouco frequentes, como perda do olfato e perda da gusta\u00e7\u00e3o .<\/p>\n<p>Quando evolui para o segundo est\u00e1gio, no entanto, a s\u00edndrome \u00e9 bem mais grave. O \u00a0v\u00edrus alcan\u00e7a os br\u00f4nquios e se expande pelos pulm\u00f5es causando uma pneumonia. Ao descer das vias a\u00e9reas superiores e atacar as vias a\u00e9reas inferiores a infec\u00e7\u00e3o torna-se mal\u00e9fica e inunda os alv\u00e9olos pulmonares com plasma devido a a\u00e7\u00e3o de um caldo inflamat\u00f3rio. Segundo algumas pesquisas as citoquininas que destroem os alv\u00e9olos s\u00e3o produzidas por bact\u00e9rias intestinais, da\u00ed a tentativa de impedir a inunda\u00e7\u00e3o pulmonar por meio de antibi\u00f3ticos. Nesses casos, por\u00e9m, o processo evolui para uma pneumonia viral extremamente destrutiva, necessitando de interna\u00e7\u00e3o hospitalar em centros apropriados de terapia intensiva com respiradores para atenuar a insufici\u00eancia respirat\u00f3ria. Portanto, a abordagem medicamentosa \u00e9 paliativa e serve apenas para retardar o grau de comprometimento pulmonar, mas n\u00e3o age sobre o RNA do v\u00edrus.<\/p>\n<p>As medidas n\u00e3o medicamentosas tamb\u00e9m n\u00e3o neutralizam e v\u00edrus e visam evitar a infe\u00e7\u00e3o. Sem a efic\u00e1cia de uma vacina, se algu\u00e9m tornar-se \u201ccorona positivo\u201d estar\u00e1 sujeito a sua pr\u00f3pria sorte. \u00a0Para evitar um desfecho sombrio resta apenas uma medida gen\u00e9rica que \u00e9 bastante eficaz: o isolamento social. Nosso objetivo nesse trabalho \u00e9 avaliar o impacto da pandemia no Brasil, especialmente entre os idosos que, estatisticamente, constituem o grupo de maior risco.<\/p>\n<p>Em fun\u00e7\u00e3o da ascens\u00e3o epid\u00eamica do corona v\u00edrus e da absoluta excepcionalidade dessa patologia, algumas medidas devem ser tomadas para preservar o bem-estar f\u00edsico e mental dos idosos. A primeira recomenda\u00e7\u00e3o, \u00e9 manter os v\u00ednculos afetivos entre familiares e amigos, para evitar a depress\u00e3o e a ansiedade decorrente do isolamento social e afetivo. \u00c9 imprescind\u00edvel um esfor\u00e7o conjunto de todos n\u00f3s baseado na solidariedade social. Voltamos aos tempos em que a \u201cuni\u00e3o faz a for\u00e7a\u201d.<\/p>\n<p>A segunda e mais importante recomenda\u00e7\u00e3o foi manter isolamento mesmo cientes de que impedem as atividades comerciais e presta\u00e7\u00e3o de servi\u00e7os, atingindo assim os ganhos salariais de cada um. Todos devemos aceitar algum grau de perda em rela\u00e7\u00e3o ao recebimento financeiro de antes. N\u00e3o \u00e9 hora de ser ganancioso, ego\u00edsta ou capitalista. E hora de pensar o outro dentro de n\u00f3s. Manter a vida \u00e9 mais importante do que ganhar dinheiro.<\/p>\n<p>\u00c9 tamb\u00e9m relevante discernir entre aqueles que est\u00e3o lucrando com a epidemia, governo, empres\u00e1rios ligados a sa\u00fade, bancos e planos de sa\u00fade e os que est\u00e3o perdendo. O trabalhador que precisa trabalhar \u00e9 quem mais se exp\u00f5e. Para preservar seus ganhos indispens\u00e1veis \u00e0 vida de seus familiares se sujeita ao cont\u00e1gio. Os trabalhadores s\u00e3o os mais atingidos. Tamb\u00e9m \u00e9 justo distinguir entre aqueles que n\u00e3o est\u00e3o recebendo porque est\u00e3o sem trabalhar daqueles que, trabalhando em dobro, deixam de receber. Esses \u00faltimos s\u00e3o os profissionais da sa\u00fade, tanto os dedicados a um atendimento prec\u00e1rio como aqueles que trabalham em centros de pesquisa. \u00c9 sensato supor que em vez de ter seus servi\u00e7os sucateados deveriam receber aux\u00edlio direto para o fomento de pesquisas, especialmente de vacinas.<\/p>\n<p>Outro aspecto que atinge diretamente os idosos \u00e9 o distanciamento social. Esse isolamento \u00e9 essencialmente afetivo e torna o idoso especialmente dependente de c\u00f4njuges e de familiares pr\u00f3ximos, muitas vezes em detrimento da rela\u00e7\u00e3o com colegas e amigos. Para evitar a propaga\u00e7\u00e3o da epidemia, o cidad\u00e3o se afastou de seus familiares, amigos e outros coletivos sociais.<\/p>\n<p>O distanciamento de rela\u00e7\u00f5es sociais duradouras somado \u00e0 depend\u00eancia afetiva \u00a0facilitam o desencadeamento de um quadro depressivo pela falta de perspectiva e pela ansiedade pela amea\u00e7a de perder a vida antecipadamente. Muitos m\u00e9dicos, psiquiatras, psicanalistas e psic\u00f3logos se dispuseram a dar atendimento pelo Skype ou pelo WhatsApp para evitar o agravamento desse estado humoral. Tentam impedir que seus pacientes e pessoas necessitadas caiam em uma depress\u00e3o severa, no alcoolismo ou surtem pela eleva\u00e7\u00e3o da ansiedade.<\/p>\n<p>Os av\u00f3s n\u00e3o podem mais abra\u00e7ar seus netos e pai e m\u00e3e viram suas casas transformadas provisoriamente em uma pris\u00e3o. Sua liberdade tornou-se inteiramente condicional. Ainda assim, a \u201cfuga da pris\u00e3o\u201d pode resultar em pena de morte. A eleva\u00e7\u00e3o descabida do n\u00famero de mortos comprova a letalidade da flexibiliza\u00e7\u00e3o, na medida em que no in\u00edcio de mar\u00e7o havia apenas um caso e em meados de junho atingimos mais 40 mil casos.<\/p>\n<p>Outro \u201cefeito colateral\u201d psiqui\u00e1trico da pandemia \u00e9 a mania onde as pessoas descreem da epidemia, se acham \u00f3timas, ignoram a transmiss\u00e3o viral e se comportam como se nada estivesse acontecendo. As festas de COVID 19 s\u00e3o exemplos desse estado irracional de euforia e da tentativa de compensar a frustra\u00e7\u00e3o por meio de uma euforia aquisitiva. Psicologicamente, esse outro tipo de euforia significa dar total prioridade \u00e0 atividade, ao ganho econ\u00f4mico e aos investimentos em detrimento de preservar sua pr\u00f3pria vida e a dos outros. Nesse estado mental, as pessoas apresentam tamb\u00e9m um embotamento afetivo, abandonam seus namorados, conjugues ou analistas. Eles se sentem inating\u00edveis, negam sua vulnerabilidade e afirmam que a doen\u00e7a n\u00e3o existe.<\/p>\n<p>Tudo isso em meio a um governo autorit\u00e1rio e paranoide que est\u00e1 levando o pa\u00eds ao caos em quase todas as \u00e1reas ministeriais: ambiental (floresta amaz\u00f4nica), sa\u00fade (pandemia), econ\u00f4mica (retira direitos de trabalhadores e favorece o empresariado ideologicamente fascista), na educa\u00e7\u00e3o (tenta controlar ideologicamente a produ\u00e7\u00e3o de conhecimento, acabando com o ensino b\u00e1sico, interrompendo programas de aperfei\u00e7oamento de estudos superiores, controlando a indica\u00e7\u00e3o de reitores das universidades e retira verba de institui\u00e7\u00f5es de pesquisa. Isso sem falar no sucateamento dos nossos recursos naturais e econ\u00f4micos por meio de um programa absurdo de privatiza\u00e7\u00f5es que visa deixar o pa\u00eds completamente sem recursos.<\/p>\n<p>Assim, h\u00e1 que se lutar contra um outro v\u00edrus, bem pior do que o corona. O v\u00edrus do fascismo concentrador de renda e da incompet\u00eancia para gerir o pa\u00eds.<\/p>\n<p>Portanto, o maior problema da pandemia \u00e9 impor a todos uma esp\u00e9cie de \u201cestado social psic\u00f3tico\u201d. A psicose \u00e9 uma forma de desconectar o sujeito de seus v\u00ednculos afetivos, mas \u00e9 tamb\u00e9m uma forma de desconectar o governo federal do seu povo. No primeiro caso, precisamos preservar o isolamento. No segundo, precisamos conglomerar e protestar contra as medidas delet\u00e9rias tomadas por esse governo. H\u00e1 uma tempestade perfeita, fruto de uma dupla psicose. Uma que \u00e9 pol\u00edtica e nos afasta da realidade social, outra \u00e9 individual e nos afasta das pessoas que amamos. Para sobreviver nos tempos atuais, o convite do Covid-19 \u00e9 lutar com vida nas duas frentes de combate.<\/p>\n<p>&nbsp;<\/p>\n<p><strong><em>*Adail Ivan de Lemos \u00e9 m\u00e9dico psiquiatra<\/em><\/strong><\/p>\n<!-- AddThis Advanced Settings generic via filter on the_content --><!-- AddThis Share Buttons generic via filter on the_content -->","protected":false},"excerpt":{"rendered":"<p>Respons\u00e1vel pela maior epidemia mundial, o v\u00edrus corona 19 \u00e9 raro, desconhecido e inusitado. Por diferente de outros v\u00edrus do tipo S\u00edndrome de Insufici\u00eancia Respirat\u00f3ria Aguda (SARS ), o COVID-19 \u00e9 \u00fanico, excepcional, e conseguiu transformar uma epidemia em pandemia. Mas n\u00e3o uma pandemia lenta, gradual e progressiva, mas uma de alta virul\u00eancia que atingiu&#8230;<!-- AddThis Advanced Settings generic via filter on wp_trim_excerpt --><!-- AddThis Share Buttons generic via filter on wp_trim_excerpt --><\/p>\n","protected":false},"author":17,"featured_media":72808,"comment_status":"closed","ping_status":"closed","sticky":false,"template":"","format":"standard","meta":{"_monsterinsights_skip_tracking":false,"_monsterinsights_sitenote_active":false,"_monsterinsights_sitenote_note":"","_monsterinsights_sitenote_category":0,"_uf_show_specific_survey":0,"_uf_disable_surveys":false,"footnotes":""},"categories":[1584,1390,1588,1397],"tags":[3810,3348,3809,3811],"class_list":["post-72807","post","type-post","status-publish","format-standard","has-post-thumbnail","hentry","category-artigos","category-editorias","category-mapi","category-movimentos","tag-corona-positivo","tag-covid-19","tag-sars","tag-sindrome-de-insuficiencia-respiratoria-aguda"],"acf":[],"_links":{"self":[{"href":"https:\/\/pdt-rj.org.br\/index.php\/wp-json\/wp\/v2\/posts\/72807","targetHints":{"allow":["GET"]}}],"collection":[{"href":"https:\/\/pdt-rj.org.br\/index.php\/wp-json\/wp\/v2\/posts"}],"about":[{"href":"https:\/\/pdt-rj.org.br\/index.php\/wp-json\/wp\/v2\/types\/post"}],"author":[{"embeddable":true,"href":"https:\/\/pdt-rj.org.br\/index.php\/wp-json\/wp\/v2\/users\/17"}],"replies":[{"embeddable":true,"href":"https:\/\/pdt-rj.org.br\/index.php\/wp-json\/wp\/v2\/comments?post=72807"}],"version-history":[{"count":1,"href":"https:\/\/pdt-rj.org.br\/index.php\/wp-json\/wp\/v2\/posts\/72807\/revisions"}],"predecessor-version":[{"id":72809,"href":"https:\/\/pdt-rj.org.br\/index.php\/wp-json\/wp\/v2\/posts\/72807\/revisions\/72809"}],"wp:featuredmedia":[{"embeddable":true,"href":"https:\/\/pdt-rj.org.br\/index.php\/wp-json\/wp\/v2\/media\/72808"}],"wp:attachment":[{"href":"https:\/\/pdt-rj.org.br\/index.php\/wp-json\/wp\/v2\/media?parent=72807"}],"wp:term":[{"taxonomy":"category","embeddable":true,"href":"https:\/\/pdt-rj.org.br\/index.php\/wp-json\/wp\/v2\/categories?post=72807"},{"taxonomy":"post_tag","embeddable":true,"href":"https:\/\/pdt-rj.org.br\/index.php\/wp-json\/wp\/v2\/tags?post=72807"}],"curies":[{"name":"wp","href":"https:\/\/api.w.org\/{rel}","templated":true}]}}