{"id":72781,"date":"2020-07-24T17:00:32","date_gmt":"2020-07-24T20:00:32","guid":{"rendered":"http:\/\/pdt-rj.org.br\/?p=72781"},"modified":"2020-07-24T17:37:52","modified_gmt":"2020-07-24T20:37:52","slug":"senadores-do-pdt-firmam-compromisso-de-manter-o-novo-fundeb-permanente","status":"publish","type":"post","link":"https:\/\/pdt-rj.org.br\/index.php\/senadores-do-pdt-firmam-compromisso-de-manter-o-novo-fundeb-permanente\/","title":{"rendered":"Senadores do PDT firmam compromisso de manter o novo Fundeb permanente"},"content":{"rendered":"<p>Os senadores pedetistas Weverton Rocha (MA) e Cid Gomes (CE) firmaram compromisso de manter o novo Fundo de Manuten\u00e7\u00e3o e Desenvolvimento da Educa\u00e7\u00e3o B\u00e1sica e de Valoriza\u00e7\u00e3o dos Profissionais da Educa\u00e7\u00e3o (Fundeb) permanente e com mais recursos, como foi aprovado na C\u00e2mara dos Deputados. O Fundeb movimenta R$ 150 bilh\u00f5es por ano e \u00e9 a principal fonte de financiamento da educa\u00e7\u00e3o b\u00e1sica no Brasil, da creche ao ensino m\u00e9dio.<\/p>\n<p>Entre outros pontos, a Proposta de Emenda \u00e0 Constitui\u00e7\u00e3o (PEC), j\u00e1 em an\u00e1lise no Senado, torna permanente o Fundeb e amplia gradativamente a participa\u00e7\u00e3o da Uni\u00e3o na manuten\u00e7\u00e3o do fundo, passando dos atuais 10% para 23% a partir de 2026.<\/p>\n<p>O l\u00edder do PDT no Senado, Weverton Rocha, disse que a aprova\u00e7\u00e3o da PEC do Fundeb na C\u00e2mara vai trazer mais qualidade para as escolas p\u00fablicas, que podem melhorar a infraestrutura e valorizar os professores.<\/p>\n<p>&#8220;Foi uma vit\u00f3ria da educa\u00e7\u00e3o. No Senado, trabalharemos pela sua aprova\u00e7\u00e3o como est\u00e1. N\u00e3o aceitaremos enfraquecimento da nossa educa\u00e7\u00e3o p\u00fablica. Vamos trabalhar juntos pelo futuro do Brasil&#8221;, afirmou o senador.<\/p>\n<p>Weverton tamb\u00e9m disse que a proposta deve ser analisada em agosto, pelo Senado, e lembrou que a aprova\u00e7\u00e3o do Fundeb representou uma derrota do governo, que queria pior\u00e1-lo.<\/p>\n<p>&#8220;Desde o in\u00edcio, o objetivo do ministro da Economia, Paulo Guedes, \u00e9 reduzir os repasses obrigat\u00f3rios para a educa\u00e7\u00e3o, impostos pela Constitui\u00e7\u00e3o. Isso \u00e9 uma vis\u00e3o de quem n\u00e3o conhece o Brasil e n\u00e3o sabe a import\u00e2ncia de garantir no Or\u00e7amento os recursos da educa\u00e7\u00e3o para os munic\u00edpios pequenos e pobres&#8221;, ressaltou Weverton.<\/p>\n<p>J\u00e1 o senador Cid Gomes destacou que o novo Fundeb vai beneficiar 40 milh\u00f5es de alunos, e que as crian\u00e7as e os jovens devem ser tratados como prioridade.<\/p>\n<p>&#8220;S\u00e3o eles que salvar\u00e3o nosso pa\u00eds pelo caminho da educa\u00e7\u00e3o! Precisamos assegurar a alfabetiza\u00e7\u00e3o na idade certa e aumentar cada vez mais a oferta de ensino em tempo integral&#8221;, disse Cid.<\/p>\n<p>Para Cid, o Congresso Nacional deu um passo importante e n\u00e3o vai aceitar retrocessos, como queria o governo Bolsonaro.<\/p>\n<p>&#8220;No Senado, estamos prontos para atender o pedido da sociedade por mais recursos para a educa\u00e7\u00e3o&#8221;, defendeu o senador.<\/p>\n<p>A PEC deve ser analisada agora em dois turnos pelo Plen\u00e1rio do Senado e, se aprovada, pode ser promulgada pelo Congresso Nacional.<\/p>\n<!-- AddThis Advanced Settings generic via filter on the_content --><!-- AddThis Share Buttons generic via filter on the_content -->","protected":false},"excerpt":{"rendered":"<p>Os senadores pedetistas Weverton Rocha (MA) e Cid Gomes (CE) firmaram compromisso de manter o novo Fundo de Manuten\u00e7\u00e3o e Desenvolvimento da Educa\u00e7\u00e3o B\u00e1sica e de Valoriza\u00e7\u00e3o dos Profissionais da Educa\u00e7\u00e3o (Fundeb) permanente e com mais recursos, como foi aprovado na C\u00e2mara dos Deputados. O Fundeb movimenta R$ 150 bilh\u00f5es por ano e \u00e9 a&#8230;<!-- AddThis Advanced Settings generic via filter on wp_trim_excerpt --><!-- AddThis Share Buttons generic via filter on wp_trim_excerpt --><\/p>\n","protected":false},"author":17,"featured_media":72796,"comment_status":"closed","ping_status":"closed","sticky":false,"template":"","format":"standard","meta":{"_monsterinsights_skip_tracking":false,"_monsterinsights_sitenote_active":false,"_monsterinsights_sitenote_note":"","_monsterinsights_sitenote_category":0,"_uf_show_specific_survey":0,"_uf_disable_surveys":false,"footnotes":""},"categories":[1459,976],"tags":[],"class_list":["post-72781","post","type-post","status-publish","format-standard","has-post-thumbnail","hentry","category-congresso","category-noticias-em-destaque"],"acf":[],"_links":{"self":[{"href":"https:\/\/pdt-rj.org.br\/index.php\/wp-json\/wp\/v2\/posts\/72781","targetHints":{"allow":["GET"]}}],"collection":[{"href":"https:\/\/pdt-rj.org.br\/index.php\/wp-json\/wp\/v2\/posts"}],"about":[{"href":"https:\/\/pdt-rj.org.br\/index.php\/wp-json\/wp\/v2\/types\/post"}],"author":[{"embeddable":true,"href":"https:\/\/pdt-rj.org.br\/index.php\/wp-json\/wp\/v2\/users\/17"}],"replies":[{"embeddable":true,"href":"https:\/\/pdt-rj.org.br\/index.php\/wp-json\/wp\/v2\/comments?post=72781"}],"version-history":[{"count":7,"href":"https:\/\/pdt-rj.org.br\/index.php\/wp-json\/wp\/v2\/posts\/72781\/revisions"}],"predecessor-version":[{"id":72792,"href":"https:\/\/pdt-rj.org.br\/index.php\/wp-json\/wp\/v2\/posts\/72781\/revisions\/72792"}],"wp:featuredmedia":[{"embeddable":true,"href":"https:\/\/pdt-rj.org.br\/index.php\/wp-json\/wp\/v2\/media\/72796"}],"wp:attachment":[{"href":"https:\/\/pdt-rj.org.br\/index.php\/wp-json\/wp\/v2\/media?parent=72781"}],"wp:term":[{"taxonomy":"category","embeddable":true,"href":"https:\/\/pdt-rj.org.br\/index.php\/wp-json\/wp\/v2\/categories?post=72781"},{"taxonomy":"post_tag","embeddable":true,"href":"https:\/\/pdt-rj.org.br\/index.php\/wp-json\/wp\/v2\/tags?post=72781"}],"curies":[{"name":"wp","href":"https:\/\/api.w.org\/{rel}","templated":true}]}}